{"id":630,"date":"2012-07-25T00:39:52","date_gmt":"2012-07-25T00:39:52","guid":{"rendered":"http:\/\/www.encontraitaquaquecetuba.com.br\/noticias\/?p=630"},"modified":"2013-08-14T04:51:00","modified_gmt":"2013-08-14T04:51:00","slug":"encontro-reune-cerca-de-1500-educadores-em-itaquaquecetuba","status":"publish","type":"post","link":"https:\/\/www.encontraitaquaquecetuba.com.br\/sobre\/encontro-reune-cerca-de-1500-educadores-em-itaquaquecetuba\/","title":{"rendered":"Encontro re\u00fane cerca de 1500 Educadores em Itaquaquecetuba"},"content":{"rendered":"<div class=\"80eb2665678f8e3864bb9a528523815b\" data-index=\"1\" style=\"float: none; margin:5px 0 5px 0; text-align:center;\">\n<!-- PUB 73 - Responsivo Horizontal -->\r\n<ins class=\"adsbygoogle\"\r\n     style=\"display:block\"\r\n     data-ad-client=\"ca-pub-7321736592693252\"\r\n     data-ad-slot=\"3087950420\"\r\n     data-ad-format=\"auto\"\r\n     data-full-width-responsive=\"true\"><\/ins>\r\n<script>\r\n     (adsbygoogle = window.adsbygoogle || []).push({});\r\n<\/script>\n<\/div>\n<p>Nos dias 24 e 25 de julho a Secretaria Municipal de Educa\u00e7\u00e3o de Itaquaquecetuba, Semei, realizar\u00e1 o 2\u00ba Encontro de Educadores, o qual faz parte do Programa de Forma\u00e7\u00e3o Continuada de Profissionais, Proformacon. Este trabalho visa \u00e0 melhoria da qualidade de ensino no munic\u00edpio com foco exclusivo no professor. \u00c9 um compartilhamento de experi\u00eancias, ensejando uma reflex\u00e3o coletiva sobre as perspectivas poss\u00edveis e desej\u00e1veis da pr\u00e1xis educacional.<\/p>\n<p>A programa\u00e7\u00e3o \u00e9 rica, traz temas inovadores para que os educadores discutam os principais problemas da educa\u00e7\u00e3o, buscando solu\u00e7\u00f5es conjuntas. A principal preocupa\u00e7\u00e3o da administra\u00e7\u00e3o municipal \u00e9 levar novos conhecimentos para a sala de aula. Segundo a secret\u00e1ria de Educa\u00e7\u00e3o, professora Vera Garcia, \u00e9 importante discutir os novos referenciais de educa\u00e7\u00e3o, introduzir conhecimentos que possam fundamentar os professores na reorienta\u00e7\u00e3o das suas pr\u00e1ticas pedag\u00f3gicas, contribuindo para novas reflex\u00f5es epistemol\u00f3gicas, propiciando aos educadores e educandos a aquisi\u00e7\u00e3o de saberes para que criem e enrique\u00e7am seus conhecimentos. Em seguida segue a programa\u00e7\u00e3o.<\/p>\n<p><a title=\"Prefeitura Itaquaquecetuba\" href=\"http:\/\/www.encontraitaquaquecetuba.com.br\/itaquaquecetuba\/prefeitura-itaquaquecetuba.shtml\" target=\"_blank\">PREFEITURA MUNICIPAL DE ITAQUAQUECETUBA<\/a><br \/>\nEstado de S\u00e3o Paulo &#8211;\u00a0Secretaria de Educa\u00e7\u00e3o &#8211; Comunica\u00e7\u00e3o<br \/>\nRua Jo\u00e3o Vagnotti, 40. Centro &#8211; Itaquaquecetuba &#8211; SP. CEP: 08570.220<br \/>\nFone: 11. 4732.2523 \/ Ouvidoria: 4647.0544<\/p>\n<p>Educadores Palestra Palestrante Data Hor\u00e1rio Local<br \/>\nEduca\u00e7\u00e3o Infantil A Crian\u00e7a como protagonista\u00a0de seu pr\u00f3prio aprendizado<br \/>\nProf\u00aa. Dr.\u00aa Vera Mellis (manh\u00e3) \/\u00a0Prof\u00aa. Cleusa Leal (tarde)<br \/>\n24 e 25 de\u00a0julho de 2012\u00a0das 8 \u00e0s 11 h\u00a0e das 14 \u00e0s 17h<br \/>\nIgreja de Jesus Cristo dos Santos\u00a0dos \u00daltimos Dias<br \/>\nRua S\u00e3o Bento, 209, bairro<\/p>\n<p>Campo da Venda &#8211; em frente \u00e0\u00a0portaria da Dersa<br \/>\n1\u00ba Ano do Ensino\u00a0Fundamental<br \/>\nProjeto Trilhas Equipe do Projeto 24 e 25 de\u00a0julho\u00a0das 8 \u00e0s 11 h e\u00a0das 14 \u00e0s 17<br \/>\nUnidade Escolar\u00a02\u00ba Ano &#8211; Ensino\u00a0Fundamental\u00a0A Lucidade no Ensino da\u00a0Matem\u00e1tica<br \/>\nPr\u00aa. Aluani 24 e 25 de\u00a0julho\u00a0das 8 \u00e0s 11 h e\u00a0das 14 \u00e0s 17<\/p>\n<p>Faculdade de Tecnologia, Fatec-Itaquaquecetuba<br \/>\n3\u00ba Ano &#8211; Ensino\u00a0Fundamental<br \/>\nAvalia\u00e7\u00e3o Externa Prof\u00aa. Me. Lia Gonzales 24 de julho das 8 \u00e0s 11 h e\u00a0das 14 \u00e0s 17<br \/>\nAudit\u00f3rio Professora Leia Leite de\u00a0Paula<br \/>\nSecretaria Municipal de Educa\u00e7\u00e3o, Semei<\/p>\n<p><em>Fonte: Prefeitura de Itaquaquecetuba<\/em><\/p>\n\n<div style=\"font-size: 0px; height: 0px; line-height: 0px; margin: 0; padding: 0; clear: both;\"><\/div>","protected":false},"excerpt":{"rendered":"<p>Nos dias 24 e 25 de julho a Secretaria Municipal de Educa\u00e7\u00e3o de Itaquaquecetuba, Semei, realizar\u00e1 o 2\u00ba Encontro de Educadores, o qual faz parte do Programa de Forma\u00e7\u00e3o Continuada de Profissionais, Proformacon. Este trabalho visa \u00e0 melhoria da qualidade de ensino no munic\u00edpio com foco exclusivo no professor. \u00c9 um compartilhamento de experi\u00eancias, ensejando uma reflex\u00e3o coletiva sobre as perspectivas poss\u00edveis e desej\u00e1veis da pr\u00e1xis educacional. A programa\u00e7\u00e3o \u00e9 rica, traz temas inovadores para que os educadores discutam os principais problemas da educa\u00e7\u00e3o, buscando solu\u00e7\u00f5es conjuntas. A principal preocupa\u00e7\u00e3o da administra\u00e7\u00e3o municipal \u00e9 levar novos conhecimentos para a sala <\/p>\n","protected":false},"author":1,"featured_media":0,"comment_status":"open","ping_status":"open","sticky":false,"template":"","format":"standard","meta":[],"categories":[3],"tags":[14],"yoast_head":"<!-- This site is optimized with the Yoast SEO plugin v19.6.1 - https:\/\/yoast.com\/wordpress\/plugins\/seo\/ -->\n<title>Encontro re\u00fane cerca de 1500 Educadores em Itaquaquecetuba - Encontra Itaquaquecetuba<\/title>\n<meta name=\"robots\" content=\"index, follow, max-snippet:-1, max-image-preview:large, max-video-preview:-1\" \/>\n<link rel=\"canonical\" href=\"https:\/\/www.encontraitaquaquecetuba.com.br\/sobre\/encontro-reune-cerca-de-1500-educadores-em-itaquaquecetuba\/\" \/>\n<meta property=\"og:locale\" content=\"pt_BR\" \/>\n<meta property=\"og:type\" content=\"article\" \/>\n<meta property=\"og:title\" content=\"Encontro re\u00fane cerca de 1500 Educadores em Itaquaquecetuba - Encontra Itaquaquecetuba\" \/>\n<meta property=\"og:description\" content=\"Nos dias 24 e 25 de julho a Secretaria Municipal de Educa\u00e7\u00e3o de Itaquaquecetuba, Semei, realizar\u00e1 o 2\u00ba Encontro de Educadores, o qual faz parte do Programa de Forma\u00e7\u00e3o Continuada de Profissionais, Proformacon. Este trabalho visa \u00e0 melhoria da qualidade de ensino no munic\u00edpio com foco exclusivo no professor. \u00c9 um compartilhamento de experi\u00eancias, ensejando uma reflex\u00e3o coletiva sobre as perspectivas poss\u00edveis e desej\u00e1veis da pr\u00e1xis educacional. A programa\u00e7\u00e3o \u00e9 rica, traz temas inovadores para que os educadores discutam os principais problemas da educa\u00e7\u00e3o, buscando solu\u00e7\u00f5es conjuntas. A principal preocupa\u00e7\u00e3o da administra\u00e7\u00e3o municipal \u00e9 levar novos conhecimentos para a sala\" \/>\n<meta property=\"og:url\" content=\"https:\/\/www.encontraitaquaquecetuba.com.br\/sobre\/encontro-reune-cerca-de-1500-educadores-em-itaquaquecetuba\/\" \/>\n<meta property=\"og:site_name\" content=\"Encontra Itaquaquecetuba\" \/>\n<meta property=\"article:published_time\" content=\"2012-07-25T00:39:52+00:00\" \/>\n<meta property=\"article:modified_time\" content=\"2013-08-14T04:51:00+00:00\" \/>\n<meta name=\"author\" content=\"Encontra Itaquaquecetuba\" \/>\n<meta name=\"twitter:card\" content=\"summary_large_image\" \/>\n<meta name=\"twitter:label1\" content=\"Escrito por\" \/>\n\t<meta name=\"twitter:data1\" content=\"Encontra Itaquaquecetuba\" \/>\n\t<meta name=\"twitter:label2\" content=\"Est. tempo de leitura\" \/>\n\t<meta name=\"twitter:data2\" content=\"2 minutos\" \/>\n<script type=\"application\/ld+json\" class=\"yoast-schema-graph\">{\"@context\":\"https:\/\/schema.org\",\"@graph\":[{\"@type\":\"WebPage\",\"@id\":\"https:\/\/www.encontraitaquaquecetuba.com.br\/sobre\/encontro-reune-cerca-de-1500-educadores-em-itaquaquecetuba\/\",\"url\":\"https:\/\/www.encontraitaquaquecetuba.com.br\/sobre\/encontro-reune-cerca-de-1500-educadores-em-itaquaquecetuba\/\",\"name\":\"Encontro re\u00fane cerca de 1500 Educadores em Itaquaquecetuba - Encontra Itaquaquecetuba\",\"isPartOf\":{\"@id\":\"https:\/\/www.encontraitaquaquecetuba.com.br\/sobre\/#website\"},\"datePublished\":\"2012-07-25T00:39:52+00:00\",\"dateModified\":\"2013-08-14T04:51:00+00:00\",\"author\":{\"@id\":\"https:\/\/www.encontraitaquaquecetuba.com.br\/sobre\/#\/schema\/person\/a8a866dc746e447abf8ca22b02eae6ea\"},\"breadcrumb\":{\"@id\":\"https:\/\/www.encontraitaquaquecetuba.com.br\/sobre\/encontro-reune-cerca-de-1500-educadores-em-itaquaquecetuba\/#breadcrumb\"},\"inLanguage\":\"pt-BR\",\"potentialAction\":[{\"@type\":\"ReadAction\",\"target\":[\"https:\/\/www.encontraitaquaquecetuba.com.br\/sobre\/encontro-reune-cerca-de-1500-educadores-em-itaquaquecetuba\/\"]}]},{\"@type\":\"BreadcrumbList\",\"@id\":\"https:\/\/www.encontraitaquaquecetuba.com.br\/sobre\/encontro-reune-cerca-de-1500-educadores-em-itaquaquecetuba\/#breadcrumb\",\"itemListElement\":[{\"@type\":\"ListItem\",\"position\":1,\"name\":\"In\u00edcio\",\"item\":\"https:\/\/www.encontraitaquaquecetuba.com.br\/sobre\/\"},{\"@type\":\"ListItem\",\"position\":2,\"name\":\"Encontro re\u00fane cerca de 1500 Educadores em Itaquaquecetuba\"}]},{\"@type\":\"WebSite\",\"@id\":\"https:\/\/www.encontraitaquaquecetuba.com.br\/sobre\/#website\",\"url\":\"https:\/\/www.encontraitaquaquecetuba.com.br\/sobre\/\",\"name\":\"Encontra Itaquaquecetuba\",\"description\":\"Not\u00edcias, eventos, informa\u00e7\u00f5es e dicas na cidade de Itaquaquecetuba e regi\u00e3o\",\"potentialAction\":[{\"@type\":\"SearchAction\",\"target\":{\"@type\":\"EntryPoint\",\"urlTemplate\":\"https:\/\/www.encontraitaquaquecetuba.com.br\/sobre\/?s={search_term_string}\"},\"query-input\":\"required name=search_term_string\"}],\"inLanguage\":\"pt-BR\"},{\"@type\":\"Person\",\"@id\":\"https:\/\/www.encontraitaquaquecetuba.com.br\/sobre\/#\/schema\/person\/a8a866dc746e447abf8ca22b02eae6ea\",\"name\":\"Encontra Itaquaquecetuba\",\"image\":{\"@type\":\"ImageObject\",\"inLanguage\":\"pt-BR\",\"@id\":\"https:\/\/www.encontraitaquaquecetuba.com.br\/sobre\/#\/schema\/person\/image\/\",\"url\":\"https:\/\/secure.gravatar.com\/avatar\/f007732be0d27cbf8a336929fe922478?s=96&d=mm&r=g\",\"contentUrl\":\"https:\/\/secure.gravatar.com\/avatar\/f007732be0d27cbf8a336929fe922478?s=96&d=mm&r=g\",\"caption\":\"Encontra Itaquaquecetuba\"},\"sameAs\":[\"http:\/\/www.encontraitaquaquecetuba.com.br\"],\"url\":\"https:\/\/www.encontraitaquaquecetuba.com.br\/sobre\/author\/eitaquaquecetuba\/\"}]}<\/script>\n<!-- \/ Yoast SEO plugin. -->","yoast_head_json":{"title":"Encontro re\u00fane cerca de 1500 Educadores em Itaquaquecetuba - Encontra Itaquaquecetuba","robots":{"index":"index","follow":"follow","max-snippet":"max-snippet:-1","max-image-preview":"max-image-preview:large","max-video-preview":"max-video-preview:-1"},"canonical":"https:\/\/www.encontraitaquaquecetuba.com.br\/sobre\/encontro-reune-cerca-de-1500-educadores-em-itaquaquecetuba\/","og_locale":"pt_BR","og_type":"article","og_title":"Encontro re\u00fane cerca de 1500 Educadores em Itaquaquecetuba - Encontra Itaquaquecetuba","og_description":"Nos dias 24 e 25 de julho a Secretaria Municipal de Educa\u00e7\u00e3o de Itaquaquecetuba, Semei, realizar\u00e1 o 2\u00ba Encontro de Educadores, o qual faz parte do Programa de Forma\u00e7\u00e3o Continuada de Profissionais, Proformacon. Este trabalho visa \u00e0 melhoria da qualidade de ensino no munic\u00edpio com foco exclusivo no professor. \u00c9 um compartilhamento de experi\u00eancias, ensejando uma reflex\u00e3o coletiva sobre as perspectivas poss\u00edveis e desej\u00e1veis da pr\u00e1xis educacional. A programa\u00e7\u00e3o \u00e9 rica, traz temas inovadores para que os educadores discutam os principais problemas da educa\u00e7\u00e3o, buscando solu\u00e7\u00f5es conjuntas. A principal preocupa\u00e7\u00e3o da administra\u00e7\u00e3o municipal \u00e9 levar novos conhecimentos para a sala","og_url":"https:\/\/www.encontraitaquaquecetuba.com.br\/sobre\/encontro-reune-cerca-de-1500-educadores-em-itaquaquecetuba\/","og_site_name":"Encontra Itaquaquecetuba","article_published_time":"2012-07-25T00:39:52+00:00","article_modified_time":"2013-08-14T04:51:00+00:00","author":"Encontra Itaquaquecetuba","twitter_card":"summary_large_image","twitter_misc":{"Escrito por":"Encontra Itaquaquecetuba","Est. tempo de leitura":"2 minutos"},"schema":{"@context":"https:\/\/schema.org","@graph":[{"@type":"WebPage","@id":"https:\/\/www.encontraitaquaquecetuba.com.br\/sobre\/encontro-reune-cerca-de-1500-educadores-em-itaquaquecetuba\/","url":"https:\/\/www.encontraitaquaquecetuba.com.br\/sobre\/encontro-reune-cerca-de-1500-educadores-em-itaquaquecetuba\/","name":"Encontro re\u00fane cerca de 1500 Educadores em Itaquaquecetuba - Encontra Itaquaquecetuba","isPartOf":{"@id":"https:\/\/www.encontraitaquaquecetuba.com.br\/sobre\/#website"},"datePublished":"2012-07-25T00:39:52+00:00","dateModified":"2013-08-14T04:51:00+00:00","author":{"@id":"https:\/\/www.encontraitaquaquecetuba.com.br\/sobre\/#\/schema\/person\/a8a866dc746e447abf8ca22b02eae6ea"},"breadcrumb":{"@id":"https:\/\/www.encontraitaquaquecetuba.com.br\/sobre\/encontro-reune-cerca-de-1500-educadores-em-itaquaquecetuba\/#breadcrumb"},"inLanguage":"pt-BR","potentialAction":[{"@type":"ReadAction","target":["https:\/\/www.encontraitaquaquecetuba.com.br\/sobre\/encontro-reune-cerca-de-1500-educadores-em-itaquaquecetuba\/"]}]},{"@type":"BreadcrumbList","@id":"https:\/\/www.encontraitaquaquecetuba.com.br\/sobre\/encontro-reune-cerca-de-1500-educadores-em-itaquaquecetuba\/#breadcrumb","itemListElement":[{"@type":"ListItem","position":1,"name":"In\u00edcio","item":"https:\/\/www.encontraitaquaquecetuba.com.br\/sobre\/"},{"@type":"ListItem","position":2,"name":"Encontro re\u00fane cerca de 1500 Educadores em Itaquaquecetuba"}]},{"@type":"WebSite","@id":"https:\/\/www.encontraitaquaquecetuba.com.br\/sobre\/#website","url":"https:\/\/www.encontraitaquaquecetuba.com.br\/sobre\/","name":"Encontra Itaquaquecetuba","description":"Not\u00edcias, eventos, informa\u00e7\u00f5es e dicas na cidade de Itaquaquecetuba e regi\u00e3o","potentialAction":[{"@type":"SearchAction","target":{"@type":"EntryPoint","urlTemplate":"https:\/\/www.encontraitaquaquecetuba.com.br\/sobre\/?s={search_term_string}"},"query-input":"required name=search_term_string"}],"inLanguage":"pt-BR"},{"@type":"Person","@id":"https:\/\/www.encontraitaquaquecetuba.com.br\/sobre\/#\/schema\/person\/a8a866dc746e447abf8ca22b02eae6ea","name":"Encontra Itaquaquecetuba","image":{"@type":"ImageObject","inLanguage":"pt-BR","@id":"https:\/\/www.encontraitaquaquecetuba.com.br\/sobre\/#\/schema\/person\/image\/","url":"https:\/\/secure.gravatar.com\/avatar\/f007732be0d27cbf8a336929fe922478?s=96&d=mm&r=g","contentUrl":"https:\/\/secure.gravatar.com\/avatar\/f007732be0d27cbf8a336929fe922478?s=96&d=mm&r=g","caption":"Encontra Itaquaquecetuba"},"sameAs":["http:\/\/www.encontraitaquaquecetuba.com.br"],"url":"https:\/\/www.encontraitaquaquecetuba.com.br\/sobre\/author\/eitaquaquecetuba\/"}]}},"_links":{"self":[{"href":"https:\/\/www.encontraitaquaquecetuba.com.br\/sobre\/wp-json\/wp\/v2\/posts\/630"}],"collection":[{"href":"https:\/\/www.encontraitaquaquecetuba.com.br\/sobre\/wp-json\/wp\/v2\/posts"}],"about":[{"href":"https:\/\/www.encontraitaquaquecetuba.com.br\/sobre\/wp-json\/wp\/v2\/types\/post"}],"author":[{"embeddable":true,"href":"https:\/\/www.encontraitaquaquecetuba.com.br\/sobre\/wp-json\/wp\/v2\/users\/1"}],"replies":[{"embeddable":true,"href":"https:\/\/www.encontraitaquaquecetuba.com.br\/sobre\/wp-json\/wp\/v2\/comments?post=630"}],"version-history":[{"count":0,"href":"https:\/\/www.encontraitaquaquecetuba.com.br\/sobre\/wp-json\/wp\/v2\/posts\/630\/revisions"}],"wp:attachment":[{"href":"https:\/\/www.encontraitaquaquecetuba.com.br\/sobre\/wp-json\/wp\/v2\/media?parent=630"}],"wp:term":[{"taxonomy":"category","embeddable":true,"href":"https:\/\/www.encontraitaquaquecetuba.com.br\/sobre\/wp-json\/wp\/v2\/categories?post=630"},{"taxonomy":"post_tag","embeddable":true,"href":"https:\/\/www.encontraitaquaquecetuba.com.br\/sobre\/wp-json\/wp\/v2\/tags?post=630"}],"curies":[{"name":"wp","href":"https:\/\/api.w.org\/{rel}","templated":true}]}}