{"id":636,"date":"2012-07-31T13:16:21","date_gmt":"2012-07-31T13:16:21","guid":{"rendered":"http:\/\/www.encontraitaquaquecetuba.com.br\/noticias\/?p=636"},"modified":"2013-08-14T04:51:05","modified_gmt":"2013-08-14T04:51:05","slug":"escolas-estaduais-de-itaqua-voltam-a-aulas-nesta-quarta-feira","status":"publish","type":"post","link":"https:\/\/www.encontraitaquaquecetuba.com.br\/sobre\/escolas-estaduais-de-itaqua-voltam-a-aulas-nesta-quarta-feira\/","title":{"rendered":"Escolas estaduais de Itaqu\u00e1 volta \u00e0s aulas nesta quarta-feira"},"content":{"rendered":"<div class=\"80eb2665678f8e3864bb9a528523815b\" data-index=\"1\" style=\"float: none; margin:5px 0 5px 0; text-align:center;\">\n<!-- PUB 73 - Responsivo Horizontal -->\r\n<ins class=\"adsbygoogle\"\r\n     style=\"display:block\"\r\n     data-ad-client=\"ca-pub-7321736592693252\"\r\n     data-ad-slot=\"3087950420\"\r\n     data-ad-format=\"auto\"\r\n     data-full-width-responsive=\"true\"><\/ins>\r\n<script>\r\n     (adsbygoogle = window.adsbygoogle || []).push({});\r\n<\/script>\n<\/div>\n<p>Cerca de 4,3 milh\u00f5es de alunos das 5.300\u00a0escolas\u00a0estaduais voltam \u00e0s aulas na quarta-feira, dia 1\u00ba de agosto. Para o recome\u00e7o das atividades escolares, a Secretaria da Educa\u00e7\u00e3o do\u00a0Estado de S\u00e3o Paulo\u00a0distribuiu 33,9 milh\u00f5es de exemplares do volume 3 do Caderno do Aluno para 3,6 milh\u00f5es de estudantes das 4.300 escolas de ciclo II do Ensino Fundamental (6\u00ba ao 9\u00ba ano) e do Ensino M\u00e9dio da rede estadual.<\/p>\n<p>Desenvolvido pelo programa S\u00e3o Paulo Faz Escola, o material representa um investimento total de R$ 14,9 milh\u00f5es da Pasta e cont\u00e9m as atividades, baseadas no Curr\u00edculo Oficial do Estado de S\u00e3o Paulo, a serem desenvolvidas durante os meses de agosto e setembro.<\/p>\n<p>A Secretaria tamb\u00e9m entregou aproximadamente 657 mil exemplares do material aos 82 munic\u00edpios conveniados ao programa, com um investimento adicional de R$ 289,2 mil.<\/p>\n<p>A distribui\u00e7\u00e3o contempla oito cadernos para cada ano do ciclo II do Ensino Fundamental, sendo um exemplar por disciplina (l\u00edngua portuguesa, arte, l\u00edngua estrangeira moderna \u2013 ingl\u00eas, educa\u00e7\u00e3o f\u00edsica, matem\u00e1tica, geografia, hist\u00f3ria e ci\u00eancias). Para o Ensino M\u00e9dio, foram entregues 12 cadernos a cada s\u00e9rie, tamb\u00e9m um por disciplina (l\u00edngua portuguesa, arte, l\u00edngua estrangeira moderna \u2013 ingl\u00eas, educa\u00e7\u00e3o f\u00edsica, matem\u00e1tica, geografia, hist\u00f3ria, filosofia, sociologia, qu\u00edmica, f\u00edsica e biologia).<\/p>\n<p><em>Fonte: Jc Rio Claro<\/em><\/p>\n\n<div style=\"font-size: 0px; height: 0px; line-height: 0px; margin: 0; padding: 0; clear: both;\"><\/div>","protected":false},"excerpt":{"rendered":"<p>Cerca de 4,3 milh\u00f5es de alunos das 5.300\u00a0escolas\u00a0estaduais voltam \u00e0s aulas na quarta-feira, dia 1\u00ba de agosto. Para o recome\u00e7o das atividades escolares, a Secretaria da Educa\u00e7\u00e3o do\u00a0Estado de S\u00e3o Paulo\u00a0distribuiu 33,9 milh\u00f5es de exemplares do volume 3 do Caderno do Aluno para 3,6 milh\u00f5es de estudantes das 4.300 escolas de ciclo II do Ensino Fundamental (6\u00ba ao 9\u00ba ano) e do Ensino M\u00e9dio da rede estadual. Desenvolvido pelo programa S\u00e3o Paulo Faz Escola, o material representa um investimento total de R$ 14,9 milh\u00f5es da Pasta e cont\u00e9m as atividades, baseadas no Curr\u00edculo Oficial do Estado de S\u00e3o Paulo, a <\/p>\n","protected":false},"author":1,"featured_media":0,"comment_status":"open","ping_status":"open","sticky":false,"template":"","format":"standard","meta":[],"categories":[3],"tags":[14],"yoast_head":"<!-- This site is optimized with the Yoast SEO plugin v19.6.1 - https:\/\/yoast.com\/wordpress\/plugins\/seo\/ -->\n<title>Escolas estaduais de Itaqu\u00e1 volta \u00e0s aulas nesta quarta-feira - Encontra Itaquaquecetuba<\/title>\n<meta name=\"robots\" content=\"index, follow, max-snippet:-1, max-image-preview:large, max-video-preview:-1\" \/>\n<link rel=\"canonical\" href=\"https:\/\/www.encontraitaquaquecetuba.com.br\/sobre\/escolas-estaduais-de-itaqua-voltam-a-aulas-nesta-quarta-feira\/\" \/>\n<meta property=\"og:locale\" content=\"pt_BR\" \/>\n<meta property=\"og:type\" content=\"article\" \/>\n<meta property=\"og:title\" content=\"Escolas estaduais de Itaqu\u00e1 volta \u00e0s aulas nesta quarta-feira - Encontra Itaquaquecetuba\" \/>\n<meta property=\"og:description\" content=\"Cerca de 4,3 milh\u00f5es de alunos das 5.300\u00a0escolas\u00a0estaduais voltam \u00e0s aulas na quarta-feira, dia 1\u00ba de agosto. Para o recome\u00e7o das atividades escolares, a Secretaria da Educa\u00e7\u00e3o do\u00a0Estado de S\u00e3o Paulo\u00a0distribuiu 33,9 milh\u00f5es de exemplares do volume 3 do Caderno do Aluno para 3,6 milh\u00f5es de estudantes das 4.300 escolas de ciclo II do Ensino Fundamental (6\u00ba ao 9\u00ba ano) e do Ensino M\u00e9dio da rede estadual. Desenvolvido pelo programa S\u00e3o Paulo Faz Escola, o material representa um investimento total de R$ 14,9 milh\u00f5es da Pasta e cont\u00e9m as atividades, baseadas no Curr\u00edculo Oficial do Estado de S\u00e3o Paulo, a\" \/>\n<meta property=\"og:url\" content=\"https:\/\/www.encontraitaquaquecetuba.com.br\/sobre\/escolas-estaduais-de-itaqua-voltam-a-aulas-nesta-quarta-feira\/\" \/>\n<meta property=\"og:site_name\" content=\"Encontra Itaquaquecetuba\" \/>\n<meta property=\"article:published_time\" content=\"2012-07-31T13:16:21+00:00\" \/>\n<meta property=\"article:modified_time\" content=\"2013-08-14T04:51:05+00:00\" \/>\n<meta name=\"author\" content=\"Encontra Itaquaquecetuba\" \/>\n<meta name=\"twitter:card\" content=\"summary_large_image\" \/>\n<meta name=\"twitter:label1\" content=\"Escrito por\" \/>\n\t<meta name=\"twitter:data1\" content=\"Encontra Itaquaquecetuba\" \/>\n\t<meta name=\"twitter:label2\" content=\"Est. tempo de leitura\" \/>\n\t<meta name=\"twitter:data2\" content=\"1 minuto\" \/>\n<script type=\"application\/ld+json\" class=\"yoast-schema-graph\">{\"@context\":\"https:\/\/schema.org\",\"@graph\":[{\"@type\":\"WebPage\",\"@id\":\"https:\/\/www.encontraitaquaquecetuba.com.br\/sobre\/escolas-estaduais-de-itaqua-voltam-a-aulas-nesta-quarta-feira\/\",\"url\":\"https:\/\/www.encontraitaquaquecetuba.com.br\/sobre\/escolas-estaduais-de-itaqua-voltam-a-aulas-nesta-quarta-feira\/\",\"name\":\"Escolas estaduais de Itaqu\u00e1 volta \u00e0s aulas nesta quarta-feira - Encontra Itaquaquecetuba\",\"isPartOf\":{\"@id\":\"https:\/\/www.encontraitaquaquecetuba.com.br\/sobre\/#website\"},\"datePublished\":\"2012-07-31T13:16:21+00:00\",\"dateModified\":\"2013-08-14T04:51:05+00:00\",\"author\":{\"@id\":\"https:\/\/www.encontraitaquaquecetuba.com.br\/sobre\/#\/schema\/person\/a8a866dc746e447abf8ca22b02eae6ea\"},\"breadcrumb\":{\"@id\":\"https:\/\/www.encontraitaquaquecetuba.com.br\/sobre\/escolas-estaduais-de-itaqua-voltam-a-aulas-nesta-quarta-feira\/#breadcrumb\"},\"inLanguage\":\"pt-BR\",\"potentialAction\":[{\"@type\":\"ReadAction\",\"target\":[\"https:\/\/www.encontraitaquaquecetuba.com.br\/sobre\/escolas-estaduais-de-itaqua-voltam-a-aulas-nesta-quarta-feira\/\"]}]},{\"@type\":\"BreadcrumbList\",\"@id\":\"https:\/\/www.encontraitaquaquecetuba.com.br\/sobre\/escolas-estaduais-de-itaqua-voltam-a-aulas-nesta-quarta-feira\/#breadcrumb\",\"itemListElement\":[{\"@type\":\"ListItem\",\"position\":1,\"name\":\"In\u00edcio\",\"item\":\"https:\/\/www.encontraitaquaquecetuba.com.br\/sobre\/\"},{\"@type\":\"ListItem\",\"position\":2,\"name\":\"Escolas estaduais de Itaqu\u00e1 volta \u00e0s aulas nesta quarta-feira\"}]},{\"@type\":\"WebSite\",\"@id\":\"https:\/\/www.encontraitaquaquecetuba.com.br\/sobre\/#website\",\"url\":\"https:\/\/www.encontraitaquaquecetuba.com.br\/sobre\/\",\"name\":\"Encontra Itaquaquecetuba\",\"description\":\"Not\u00edcias, eventos, informa\u00e7\u00f5es e dicas na cidade de Itaquaquecetuba e regi\u00e3o\",\"potentialAction\":[{\"@type\":\"SearchAction\",\"target\":{\"@type\":\"EntryPoint\",\"urlTemplate\":\"https:\/\/www.encontraitaquaquecetuba.com.br\/sobre\/?s={search_term_string}\"},\"query-input\":\"required name=search_term_string\"}],\"inLanguage\":\"pt-BR\"},{\"@type\":\"Person\",\"@id\":\"https:\/\/www.encontraitaquaquecetuba.com.br\/sobre\/#\/schema\/person\/a8a866dc746e447abf8ca22b02eae6ea\",\"name\":\"Encontra Itaquaquecetuba\",\"image\":{\"@type\":\"ImageObject\",\"inLanguage\":\"pt-BR\",\"@id\":\"https:\/\/www.encontraitaquaquecetuba.com.br\/sobre\/#\/schema\/person\/image\/\",\"url\":\"https:\/\/secure.gravatar.com\/avatar\/f007732be0d27cbf8a336929fe922478?s=96&d=mm&r=g\",\"contentUrl\":\"https:\/\/secure.gravatar.com\/avatar\/f007732be0d27cbf8a336929fe922478?s=96&d=mm&r=g\",\"caption\":\"Encontra Itaquaquecetuba\"},\"sameAs\":[\"http:\/\/www.encontraitaquaquecetuba.com.br\"],\"url\":\"https:\/\/www.encontraitaquaquecetuba.com.br\/sobre\/author\/eitaquaquecetuba\/\"}]}<\/script>\n<!-- \/ Yoast SEO plugin. -->","yoast_head_json":{"title":"Escolas estaduais de Itaqu\u00e1 volta \u00e0s aulas nesta quarta-feira - Encontra Itaquaquecetuba","robots":{"index":"index","follow":"follow","max-snippet":"max-snippet:-1","max-image-preview":"max-image-preview:large","max-video-preview":"max-video-preview:-1"},"canonical":"https:\/\/www.encontraitaquaquecetuba.com.br\/sobre\/escolas-estaduais-de-itaqua-voltam-a-aulas-nesta-quarta-feira\/","og_locale":"pt_BR","og_type":"article","og_title":"Escolas estaduais de Itaqu\u00e1 volta \u00e0s aulas nesta quarta-feira - Encontra Itaquaquecetuba","og_description":"Cerca de 4,3 milh\u00f5es de alunos das 5.300\u00a0escolas\u00a0estaduais voltam \u00e0s aulas na quarta-feira, dia 1\u00ba de agosto. Para o recome\u00e7o das atividades escolares, a Secretaria da Educa\u00e7\u00e3o do\u00a0Estado de S\u00e3o Paulo\u00a0distribuiu 33,9 milh\u00f5es de exemplares do volume 3 do Caderno do Aluno para 3,6 milh\u00f5es de estudantes das 4.300 escolas de ciclo II do Ensino Fundamental (6\u00ba ao 9\u00ba ano) e do Ensino M\u00e9dio da rede estadual. Desenvolvido pelo programa S\u00e3o Paulo Faz Escola, o material representa um investimento total de R$ 14,9 milh\u00f5es da Pasta e cont\u00e9m as atividades, baseadas no Curr\u00edculo Oficial do Estado de S\u00e3o Paulo, a","og_url":"https:\/\/www.encontraitaquaquecetuba.com.br\/sobre\/escolas-estaduais-de-itaqua-voltam-a-aulas-nesta-quarta-feira\/","og_site_name":"Encontra Itaquaquecetuba","article_published_time":"2012-07-31T13:16:21+00:00","article_modified_time":"2013-08-14T04:51:05+00:00","author":"Encontra Itaquaquecetuba","twitter_card":"summary_large_image","twitter_misc":{"Escrito por":"Encontra Itaquaquecetuba","Est. tempo de leitura":"1 minuto"},"schema":{"@context":"https:\/\/schema.org","@graph":[{"@type":"WebPage","@id":"https:\/\/www.encontraitaquaquecetuba.com.br\/sobre\/escolas-estaduais-de-itaqua-voltam-a-aulas-nesta-quarta-feira\/","url":"https:\/\/www.encontraitaquaquecetuba.com.br\/sobre\/escolas-estaduais-de-itaqua-voltam-a-aulas-nesta-quarta-feira\/","name":"Escolas estaduais de Itaqu\u00e1 volta \u00e0s aulas nesta quarta-feira - Encontra Itaquaquecetuba","isPartOf":{"@id":"https:\/\/www.encontraitaquaquecetuba.com.br\/sobre\/#website"},"datePublished":"2012-07-31T13:16:21+00:00","dateModified":"2013-08-14T04:51:05+00:00","author":{"@id":"https:\/\/www.encontraitaquaquecetuba.com.br\/sobre\/#\/schema\/person\/a8a866dc746e447abf8ca22b02eae6ea"},"breadcrumb":{"@id":"https:\/\/www.encontraitaquaquecetuba.com.br\/sobre\/escolas-estaduais-de-itaqua-voltam-a-aulas-nesta-quarta-feira\/#breadcrumb"},"inLanguage":"pt-BR","potentialAction":[{"@type":"ReadAction","target":["https:\/\/www.encontraitaquaquecetuba.com.br\/sobre\/escolas-estaduais-de-itaqua-voltam-a-aulas-nesta-quarta-feira\/"]}]},{"@type":"BreadcrumbList","@id":"https:\/\/www.encontraitaquaquecetuba.com.br\/sobre\/escolas-estaduais-de-itaqua-voltam-a-aulas-nesta-quarta-feira\/#breadcrumb","itemListElement":[{"@type":"ListItem","position":1,"name":"In\u00edcio","item":"https:\/\/www.encontraitaquaquecetuba.com.br\/sobre\/"},{"@type":"ListItem","position":2,"name":"Escolas estaduais de Itaqu\u00e1 volta \u00e0s aulas nesta quarta-feira"}]},{"@type":"WebSite","@id":"https:\/\/www.encontraitaquaquecetuba.com.br\/sobre\/#website","url":"https:\/\/www.encontraitaquaquecetuba.com.br\/sobre\/","name":"Encontra Itaquaquecetuba","description":"Not\u00edcias, eventos, informa\u00e7\u00f5es e dicas na cidade de Itaquaquecetuba e regi\u00e3o","potentialAction":[{"@type":"SearchAction","target":{"@type":"EntryPoint","urlTemplate":"https:\/\/www.encontraitaquaquecetuba.com.br\/sobre\/?s={search_term_string}"},"query-input":"required name=search_term_string"}],"inLanguage":"pt-BR"},{"@type":"Person","@id":"https:\/\/www.encontraitaquaquecetuba.com.br\/sobre\/#\/schema\/person\/a8a866dc746e447abf8ca22b02eae6ea","name":"Encontra Itaquaquecetuba","image":{"@type":"ImageObject","inLanguage":"pt-BR","@id":"https:\/\/www.encontraitaquaquecetuba.com.br\/sobre\/#\/schema\/person\/image\/","url":"https:\/\/secure.gravatar.com\/avatar\/f007732be0d27cbf8a336929fe922478?s=96&d=mm&r=g","contentUrl":"https:\/\/secure.gravatar.com\/avatar\/f007732be0d27cbf8a336929fe922478?s=96&d=mm&r=g","caption":"Encontra Itaquaquecetuba"},"sameAs":["http:\/\/www.encontraitaquaquecetuba.com.br"],"url":"https:\/\/www.encontraitaquaquecetuba.com.br\/sobre\/author\/eitaquaquecetuba\/"}]}},"_links":{"self":[{"href":"https:\/\/www.encontraitaquaquecetuba.com.br\/sobre\/wp-json\/wp\/v2\/posts\/636"}],"collection":[{"href":"https:\/\/www.encontraitaquaquecetuba.com.br\/sobre\/wp-json\/wp\/v2\/posts"}],"about":[{"href":"https:\/\/www.encontraitaquaquecetuba.com.br\/sobre\/wp-json\/wp\/v2\/types\/post"}],"author":[{"embeddable":true,"href":"https:\/\/www.encontraitaquaquecetuba.com.br\/sobre\/wp-json\/wp\/v2\/users\/1"}],"replies":[{"embeddable":true,"href":"https:\/\/www.encontraitaquaquecetuba.com.br\/sobre\/wp-json\/wp\/v2\/comments?post=636"}],"version-history":[{"count":0,"href":"https:\/\/www.encontraitaquaquecetuba.com.br\/sobre\/wp-json\/wp\/v2\/posts\/636\/revisions"}],"wp:attachment":[{"href":"https:\/\/www.encontraitaquaquecetuba.com.br\/sobre\/wp-json\/wp\/v2\/media?parent=636"}],"wp:term":[{"taxonomy":"category","embeddable":true,"href":"https:\/\/www.encontraitaquaquecetuba.com.br\/sobre\/wp-json\/wp\/v2\/categories?post=636"},{"taxonomy":"post_tag","embeddable":true,"href":"https:\/\/www.encontraitaquaquecetuba.com.br\/sobre\/wp-json\/wp\/v2\/tags?post=636"}],"curies":[{"name":"wp","href":"https:\/\/api.w.org\/{rel}","templated":true}]}}