{"id":645,"date":"2012-08-06T12:35:33","date_gmt":"2012-08-06T12:35:33","guid":{"rendered":"http:\/\/www.encontraitaquaquecetuba.com.br\/noticias\/?p=645"},"modified":"2013-08-14T04:51:03","modified_gmt":"2013-08-14T04:51:03","slug":"pat-de-itaquaquecetuba-oferece-02-oportunidades-de-colocacao-profissional-para-deficientes-fisicos","status":"publish","type":"post","link":"https:\/\/www.encontraitaquaquecetuba.com.br\/sobre\/pat-de-itaquaquecetuba-oferece-02-oportunidades-de-colocacao-profissional-para-deficientes-fisicos\/","title":{"rendered":"Pat de Itaquaquecetuba oferece 02 oportunidades de coloca\u00e7\u00e3o profissional para deficientes f\u00edsicos"},"content":{"rendered":"<div class=\"80eb2665678f8e3864bb9a528523815b\" data-index=\"1\" style=\"float: none; margin:5px 0 5px 0; text-align:center;\">\n<!-- PUB 73 - Responsivo Horizontal -->\r\n<ins class=\"adsbygoogle\"\r\n     style=\"display:block\"\r\n     data-ad-client=\"ca-pub-7321736592693252\"\r\n     data-ad-slot=\"3087950420\"\r\n     data-ad-format=\"auto\"\r\n     data-full-width-responsive=\"true\"><\/ins>\r\n<script>\r\n     (adsbygoogle = window.adsbygoogle || []).push({});\r\n<\/script>\n<\/div>\n<p>A primeira de &#8220;Operador de Telemarketing&#8221;, aceita candidatos com defici\u00eancia, na modalidade cadeirante. O contratante disponibiliza a oportunidade para ambos os sexos para pessoas que possuam de 20 a 40 anos de idade, sendo exigido o ensino m\u00e9dio completo e a experi\u00eancia na fun\u00e7\u00e3o.<\/p>\n<p>A outra vaga se destina ao cargo de &#8220;auxiliar de linha de produ\u00e7\u00e3o&#8221;, cujos candidatos devem ser do sexo masculino, possu\u00edrem entre 18 e 45 anos de idade, ensino m\u00e9dio completo, com ou sem experi\u00eancia na fun\u00e7\u00e3o. Para este caso, podem participar da sele\u00e7\u00e3o os portadores de: nanismo, surdez bilateral parcial, amputa\u00e7\u00e3o, surdez bilateral total. Al\u00e9m do sal\u00e1rio fixo, s\u00e3o oferecidos alguns benef\u00edcios extras; por\u00e9m, o contratante informa que a fun\u00e7\u00e3o requer esfor\u00e7o f\u00edsico.<\/p>\n<p>Ambas as oportunidades s\u00e3o para empresas localizadas no Alto Tiet\u00ea.<\/p>\n<p>Os interessados em qualquer uma das referidas ocupa\u00e7\u00f5es devem fazer o cadastro pessoalmente no <a href=\"http:\/\/www.encontraitaquaquecetuba.com.br\/itaquaquecetuba\/pat-itaquaquecetuba.shtml\" target=\"_blank\">Pat de Itaquaquectuba<\/a>, que funciona nas depend\u00eancias da Secretaria Municipal de Ind\u00fastria e Com\u00e9rcio (localizada \u00e0 Estrada de Santa Isabel, n\u00famero 1100, no Monte Belo).<\/p>\n<p>Os documentos necess\u00e1rios s\u00e3o RG, CPF, carteira profissional e comprovante de resid\u00eancia.<br \/>\nVale lembrar que os servi\u00e7os prestados pelo Pat s\u00e3o totalmente gratuitos. Para mais informa\u00e7\u00f5es, os telefones s\u00e3o 4754-1414 e 4642-2121.<\/p>\n<p><em>Fonte: Prefeitura Municipal de Itaquaquecetuba<\/em><\/p>\n\n<div style=\"font-size: 0px; height: 0px; line-height: 0px; margin: 0; padding: 0; clear: both;\"><\/div>","protected":false},"excerpt":{"rendered":"<p>A primeira de &#8220;Operador de Telemarketing&#8221;, aceita candidatos com defici\u00eancia, na modalidade cadeirante. O contratante disponibiliza a oportunidade para ambos os sexos para pessoas que possuam de 20 a 40 anos de idade, sendo exigido o ensino m\u00e9dio completo e a experi\u00eancia na fun\u00e7\u00e3o. A outra vaga se destina ao cargo de &#8220;auxiliar de linha de produ\u00e7\u00e3o&#8221;, cujos candidatos devem ser do sexo masculino, possu\u00edrem entre 18 e 45 anos de idade, ensino m\u00e9dio completo, com ou sem experi\u00eancia na fun\u00e7\u00e3o. Para este caso, podem participar da sele\u00e7\u00e3o os portadores de: nanismo, surdez bilateral parcial, amputa\u00e7\u00e3o, surdez bilateral total. Al\u00e9m <\/p>\n","protected":false},"author":1,"featured_media":0,"comment_status":"open","ping_status":"open","sticky":false,"template":"","format":"standard","meta":[],"categories":[4,6],"tags":[20],"yoast_head":"<!-- This site is optimized with the Yoast SEO plugin v19.6.1 - https:\/\/yoast.com\/wordpress\/plugins\/seo\/ -->\n<title>Pat de Itaquaquecetuba oferece 02 oportunidades de coloca\u00e7\u00e3o profissional para deficientes f\u00edsicos - Encontra Itaquaquecetuba<\/title>\n<meta name=\"robots\" content=\"index, follow, max-snippet:-1, max-image-preview:large, max-video-preview:-1\" \/>\n<link rel=\"canonical\" href=\"https:\/\/www.encontraitaquaquecetuba.com.br\/sobre\/pat-de-itaquaquecetuba-oferece-02-oportunidades-de-colocacao-profissional-para-deficientes-fisicos\/\" \/>\n<meta property=\"og:locale\" content=\"pt_BR\" \/>\n<meta property=\"og:type\" content=\"article\" \/>\n<meta property=\"og:title\" content=\"Pat de Itaquaquecetuba oferece 02 oportunidades de coloca\u00e7\u00e3o profissional para deficientes f\u00edsicos - Encontra Itaquaquecetuba\" \/>\n<meta property=\"og:description\" content=\"A primeira de &#8220;Operador de Telemarketing&#8221;, aceita candidatos com defici\u00eancia, na modalidade cadeirante. O contratante disponibiliza a oportunidade para ambos os sexos para pessoas que possuam de 20 a 40 anos de idade, sendo exigido o ensino m\u00e9dio completo e a experi\u00eancia na fun\u00e7\u00e3o. A outra vaga se destina ao cargo de &#8220;auxiliar de linha de produ\u00e7\u00e3o&#8221;, cujos candidatos devem ser do sexo masculino, possu\u00edrem entre 18 e 45 anos de idade, ensino m\u00e9dio completo, com ou sem experi\u00eancia na fun\u00e7\u00e3o. Para este caso, podem participar da sele\u00e7\u00e3o os portadores de: nanismo, surdez bilateral parcial, amputa\u00e7\u00e3o, surdez bilateral total. Al\u00e9m\" \/>\n<meta property=\"og:url\" content=\"https:\/\/www.encontraitaquaquecetuba.com.br\/sobre\/pat-de-itaquaquecetuba-oferece-02-oportunidades-de-colocacao-profissional-para-deficientes-fisicos\/\" \/>\n<meta property=\"og:site_name\" content=\"Encontra Itaquaquecetuba\" \/>\n<meta property=\"article:published_time\" content=\"2012-08-06T12:35:33+00:00\" \/>\n<meta property=\"article:modified_time\" content=\"2013-08-14T04:51:03+00:00\" \/>\n<meta name=\"author\" content=\"Encontra Itaquaquecetuba\" \/>\n<meta name=\"twitter:card\" content=\"summary_large_image\" \/>\n<meta name=\"twitter:label1\" content=\"Escrito por\" \/>\n\t<meta name=\"twitter:data1\" content=\"Encontra Itaquaquecetuba\" \/>\n\t<meta name=\"twitter:label2\" content=\"Est. tempo de leitura\" \/>\n\t<meta name=\"twitter:data2\" content=\"1 minuto\" \/>\n<script type=\"application\/ld+json\" class=\"yoast-schema-graph\">{\"@context\":\"https:\/\/schema.org\",\"@graph\":[{\"@type\":\"WebPage\",\"@id\":\"https:\/\/www.encontraitaquaquecetuba.com.br\/sobre\/pat-de-itaquaquecetuba-oferece-02-oportunidades-de-colocacao-profissional-para-deficientes-fisicos\/\",\"url\":\"https:\/\/www.encontraitaquaquecetuba.com.br\/sobre\/pat-de-itaquaquecetuba-oferece-02-oportunidades-de-colocacao-profissional-para-deficientes-fisicos\/\",\"name\":\"Pat de Itaquaquecetuba oferece 02 oportunidades de coloca\u00e7\u00e3o profissional para deficientes f\u00edsicos - Encontra Itaquaquecetuba\",\"isPartOf\":{\"@id\":\"https:\/\/www.encontraitaquaquecetuba.com.br\/sobre\/#website\"},\"datePublished\":\"2012-08-06T12:35:33+00:00\",\"dateModified\":\"2013-08-14T04:51:03+00:00\",\"author\":{\"@id\":\"https:\/\/www.encontraitaquaquecetuba.com.br\/sobre\/#\/schema\/person\/a8a866dc746e447abf8ca22b02eae6ea\"},\"breadcrumb\":{\"@id\":\"https:\/\/www.encontraitaquaquecetuba.com.br\/sobre\/pat-de-itaquaquecetuba-oferece-02-oportunidades-de-colocacao-profissional-para-deficientes-fisicos\/#breadcrumb\"},\"inLanguage\":\"pt-BR\",\"potentialAction\":[{\"@type\":\"ReadAction\",\"target\":[\"https:\/\/www.encontraitaquaquecetuba.com.br\/sobre\/pat-de-itaquaquecetuba-oferece-02-oportunidades-de-colocacao-profissional-para-deficientes-fisicos\/\"]}]},{\"@type\":\"BreadcrumbList\",\"@id\":\"https:\/\/www.encontraitaquaquecetuba.com.br\/sobre\/pat-de-itaquaquecetuba-oferece-02-oportunidades-de-colocacao-profissional-para-deficientes-fisicos\/#breadcrumb\",\"itemListElement\":[{\"@type\":\"ListItem\",\"position\":1,\"name\":\"In\u00edcio\",\"item\":\"https:\/\/www.encontraitaquaquecetuba.com.br\/sobre\/\"},{\"@type\":\"ListItem\",\"position\":2,\"name\":\"Pat de Itaquaquecetuba oferece 02 oportunidades de coloca\u00e7\u00e3o profissional para deficientes f\u00edsicos\"}]},{\"@type\":\"WebSite\",\"@id\":\"https:\/\/www.encontraitaquaquecetuba.com.br\/sobre\/#website\",\"url\":\"https:\/\/www.encontraitaquaquecetuba.com.br\/sobre\/\",\"name\":\"Encontra Itaquaquecetuba\",\"description\":\"Not\u00edcias, eventos, informa\u00e7\u00f5es e dicas na cidade de Itaquaquecetuba e regi\u00e3o\",\"potentialAction\":[{\"@type\":\"SearchAction\",\"target\":{\"@type\":\"EntryPoint\",\"urlTemplate\":\"https:\/\/www.encontraitaquaquecetuba.com.br\/sobre\/?s={search_term_string}\"},\"query-input\":\"required name=search_term_string\"}],\"inLanguage\":\"pt-BR\"},{\"@type\":\"Person\",\"@id\":\"https:\/\/www.encontraitaquaquecetuba.com.br\/sobre\/#\/schema\/person\/a8a866dc746e447abf8ca22b02eae6ea\",\"name\":\"Encontra Itaquaquecetuba\",\"image\":{\"@type\":\"ImageObject\",\"inLanguage\":\"pt-BR\",\"@id\":\"https:\/\/www.encontraitaquaquecetuba.com.br\/sobre\/#\/schema\/person\/image\/\",\"url\":\"https:\/\/secure.gravatar.com\/avatar\/f007732be0d27cbf8a336929fe922478?s=96&d=mm&r=g\",\"contentUrl\":\"https:\/\/secure.gravatar.com\/avatar\/f007732be0d27cbf8a336929fe922478?s=96&d=mm&r=g\",\"caption\":\"Encontra Itaquaquecetuba\"},\"sameAs\":[\"http:\/\/www.encontraitaquaquecetuba.com.br\"],\"url\":\"https:\/\/www.encontraitaquaquecetuba.com.br\/sobre\/author\/eitaquaquecetuba\/\"}]}<\/script>\n<!-- \/ Yoast SEO plugin. -->","yoast_head_json":{"title":"Pat de Itaquaquecetuba oferece 02 oportunidades de coloca\u00e7\u00e3o profissional para deficientes f\u00edsicos - Encontra Itaquaquecetuba","robots":{"index":"index","follow":"follow","max-snippet":"max-snippet:-1","max-image-preview":"max-image-preview:large","max-video-preview":"max-video-preview:-1"},"canonical":"https:\/\/www.encontraitaquaquecetuba.com.br\/sobre\/pat-de-itaquaquecetuba-oferece-02-oportunidades-de-colocacao-profissional-para-deficientes-fisicos\/","og_locale":"pt_BR","og_type":"article","og_title":"Pat de Itaquaquecetuba oferece 02 oportunidades de coloca\u00e7\u00e3o profissional para deficientes f\u00edsicos - Encontra Itaquaquecetuba","og_description":"A primeira de &#8220;Operador de Telemarketing&#8221;, aceita candidatos com defici\u00eancia, na modalidade cadeirante. O contratante disponibiliza a oportunidade para ambos os sexos para pessoas que possuam de 20 a 40 anos de idade, sendo exigido o ensino m\u00e9dio completo e a experi\u00eancia na fun\u00e7\u00e3o. A outra vaga se destina ao cargo de &#8220;auxiliar de linha de produ\u00e7\u00e3o&#8221;, cujos candidatos devem ser do sexo masculino, possu\u00edrem entre 18 e 45 anos de idade, ensino m\u00e9dio completo, com ou sem experi\u00eancia na fun\u00e7\u00e3o. Para este caso, podem participar da sele\u00e7\u00e3o os portadores de: nanismo, surdez bilateral parcial, amputa\u00e7\u00e3o, surdez bilateral total. Al\u00e9m","og_url":"https:\/\/www.encontraitaquaquecetuba.com.br\/sobre\/pat-de-itaquaquecetuba-oferece-02-oportunidades-de-colocacao-profissional-para-deficientes-fisicos\/","og_site_name":"Encontra Itaquaquecetuba","article_published_time":"2012-08-06T12:35:33+00:00","article_modified_time":"2013-08-14T04:51:03+00:00","author":"Encontra Itaquaquecetuba","twitter_card":"summary_large_image","twitter_misc":{"Escrito por":"Encontra Itaquaquecetuba","Est. tempo de leitura":"1 minuto"},"schema":{"@context":"https:\/\/schema.org","@graph":[{"@type":"WebPage","@id":"https:\/\/www.encontraitaquaquecetuba.com.br\/sobre\/pat-de-itaquaquecetuba-oferece-02-oportunidades-de-colocacao-profissional-para-deficientes-fisicos\/","url":"https:\/\/www.encontraitaquaquecetuba.com.br\/sobre\/pat-de-itaquaquecetuba-oferece-02-oportunidades-de-colocacao-profissional-para-deficientes-fisicos\/","name":"Pat de Itaquaquecetuba oferece 02 oportunidades de coloca\u00e7\u00e3o profissional para deficientes f\u00edsicos - Encontra Itaquaquecetuba","isPartOf":{"@id":"https:\/\/www.encontraitaquaquecetuba.com.br\/sobre\/#website"},"datePublished":"2012-08-06T12:35:33+00:00","dateModified":"2013-08-14T04:51:03+00:00","author":{"@id":"https:\/\/www.encontraitaquaquecetuba.com.br\/sobre\/#\/schema\/person\/a8a866dc746e447abf8ca22b02eae6ea"},"breadcrumb":{"@id":"https:\/\/www.encontraitaquaquecetuba.com.br\/sobre\/pat-de-itaquaquecetuba-oferece-02-oportunidades-de-colocacao-profissional-para-deficientes-fisicos\/#breadcrumb"},"inLanguage":"pt-BR","potentialAction":[{"@type":"ReadAction","target":["https:\/\/www.encontraitaquaquecetuba.com.br\/sobre\/pat-de-itaquaquecetuba-oferece-02-oportunidades-de-colocacao-profissional-para-deficientes-fisicos\/"]}]},{"@type":"BreadcrumbList","@id":"https:\/\/www.encontraitaquaquecetuba.com.br\/sobre\/pat-de-itaquaquecetuba-oferece-02-oportunidades-de-colocacao-profissional-para-deficientes-fisicos\/#breadcrumb","itemListElement":[{"@type":"ListItem","position":1,"name":"In\u00edcio","item":"https:\/\/www.encontraitaquaquecetuba.com.br\/sobre\/"},{"@type":"ListItem","position":2,"name":"Pat de Itaquaquecetuba oferece 02 oportunidades de coloca\u00e7\u00e3o profissional para deficientes f\u00edsicos"}]},{"@type":"WebSite","@id":"https:\/\/www.encontraitaquaquecetuba.com.br\/sobre\/#website","url":"https:\/\/www.encontraitaquaquecetuba.com.br\/sobre\/","name":"Encontra Itaquaquecetuba","description":"Not\u00edcias, eventos, informa\u00e7\u00f5es e dicas na cidade de Itaquaquecetuba e regi\u00e3o","potentialAction":[{"@type":"SearchAction","target":{"@type":"EntryPoint","urlTemplate":"https:\/\/www.encontraitaquaquecetuba.com.br\/sobre\/?s={search_term_string}"},"query-input":"required name=search_term_string"}],"inLanguage":"pt-BR"},{"@type":"Person","@id":"https:\/\/www.encontraitaquaquecetuba.com.br\/sobre\/#\/schema\/person\/a8a866dc746e447abf8ca22b02eae6ea","name":"Encontra Itaquaquecetuba","image":{"@type":"ImageObject","inLanguage":"pt-BR","@id":"https:\/\/www.encontraitaquaquecetuba.com.br\/sobre\/#\/schema\/person\/image\/","url":"https:\/\/secure.gravatar.com\/avatar\/f007732be0d27cbf8a336929fe922478?s=96&d=mm&r=g","contentUrl":"https:\/\/secure.gravatar.com\/avatar\/f007732be0d27cbf8a336929fe922478?s=96&d=mm&r=g","caption":"Encontra Itaquaquecetuba"},"sameAs":["http:\/\/www.encontraitaquaquecetuba.com.br"],"url":"https:\/\/www.encontraitaquaquecetuba.com.br\/sobre\/author\/eitaquaquecetuba\/"}]}},"_links":{"self":[{"href":"https:\/\/www.encontraitaquaquecetuba.com.br\/sobre\/wp-json\/wp\/v2\/posts\/645"}],"collection":[{"href":"https:\/\/www.encontraitaquaquecetuba.com.br\/sobre\/wp-json\/wp\/v2\/posts"}],"about":[{"href":"https:\/\/www.encontraitaquaquecetuba.com.br\/sobre\/wp-json\/wp\/v2\/types\/post"}],"author":[{"embeddable":true,"href":"https:\/\/www.encontraitaquaquecetuba.com.br\/sobre\/wp-json\/wp\/v2\/users\/1"}],"replies":[{"embeddable":true,"href":"https:\/\/www.encontraitaquaquecetuba.com.br\/sobre\/wp-json\/wp\/v2\/comments?post=645"}],"version-history":[{"count":0,"href":"https:\/\/www.encontraitaquaquecetuba.com.br\/sobre\/wp-json\/wp\/v2\/posts\/645\/revisions"}],"wp:attachment":[{"href":"https:\/\/www.encontraitaquaquecetuba.com.br\/sobre\/wp-json\/wp\/v2\/media?parent=645"}],"wp:term":[{"taxonomy":"category","embeddable":true,"href":"https:\/\/www.encontraitaquaquecetuba.com.br\/sobre\/wp-json\/wp\/v2\/categories?post=645"},{"taxonomy":"post_tag","embeddable":true,"href":"https:\/\/www.encontraitaquaquecetuba.com.br\/sobre\/wp-json\/wp\/v2\/tags?post=645"}],"curies":[{"name":"wp","href":"https:\/\/api.w.org\/{rel}","templated":true}]}}