{"id":691,"date":"2012-08-23T20:10:39","date_gmt":"2012-08-23T20:10:39","guid":{"rendered":"http:\/\/www.encontraitaquaquecetuba.com.br\/noticias\/?p=691"},"modified":"2021-09-13T15:23:00","modified_gmt":"2021-09-13T15:23:00","slug":"exposicao-sobre-cultura-nordestina-e-prorrogada-em-itaqua","status":"publish","type":"post","link":"https:\/\/www.encontraitaquaquecetuba.com.br\/sobre\/exposicao-sobre-cultura-nordestina-e-prorrogada-em-itaqua\/","title":{"rendered":"Exposi\u00e7\u00e3o sobre Cultura Nordestina \u00e9 prorrogada em Itaqu\u00e1"},"content":{"rendered":"<div class=\"80eb2665678f8e3864bb9a528523815b\" data-index=\"1\" style=\"float: none; margin:5px 0 5px 0; text-align:center;\">\n<!-- PUB 73 - Responsivo Horizontal -->\r\n<ins class=\"adsbygoogle\"\r\n     style=\"display:block\"\r\n     data-ad-client=\"ca-pub-7321736592693252\"\r\n     data-ad-slot=\"3087950420\"\r\n     data-ad-format=\"auto\"\r\n     data-full-width-responsive=\"true\"><\/ins>\r\n<script>\r\n     (adsbygoogle = window.adsbygoogle || []).push({});\r\n<\/script>\n<\/div>\n<p>A exposi\u00e7\u00e3o &#8220;Nordeste &#8211; Os Encantos de um Povo&#8221;, que acontece no Museu Municipal de Itaquaquecetuba desde o dia 25 de julho, foi prorrogada at\u00e9 o pr\u00f3ximo dia 26 (domingo) em virtude do grande n\u00famero de pessoas que foi prestigi\u00e1-la, dando assim chances para que mais interessados possam conhec\u00ea-la. Trata-se de uma mostra que re\u00fane cen\u00e1rios, artesanato, artefatos, literatura de cordel, culin\u00e1ria, entre outros temas t\u00edpicos da regi\u00e3o do Nordeste. &#8220;Recebemos mais de 5 mil pessoas, incluindo visitas orientadas dos alunos da rede p\u00fablica de ensino, do Fundamental \u00e0 Escola de Jovens e Adultos, a EJA&#8221;, informou a coordenadora do museu, Rosangela Sousa.<\/p>\n<p>&#8220;A exposi\u00e7\u00e3o foi desenvolvida e pensada como uma forma de homenagear as pessoas que deixaram seu local de origem para se aventurar em outras regi\u00f5es em busca de uma condi\u00e7\u00e3o de vida melhor e, com sua simplicidade, determina\u00e7\u00e3o e muita for\u00e7a de vontade, contribu\u00edram efetivamente para o crescimento de muitas cidades Brasil afora, inclusive Itaquaquecetuba&#8221;, lembrou Rosangela. A mostra foi idealizada e produzida pelos professores do Curso de Teatro da Secretaria Municipal de Cultura e Turismo (SMCT), Ad\u00e3o Faustino e Elisangela Sanchez. &#8220;Este \u00e9 o segundo trabalho apresentado por eles neste ano no museu. O primeiro foi a mostra &#8220;A Paix\u00e3o de Cristo &#8211; Este Amor Jamais Ser\u00e1 Esquecido&#8221;, cujo n\u00famero de visitas foi muito relevante &#8211; mais de 4.800 pessoas&#8221;, afirmou a coordenadora.<\/p>\n<p>Ad\u00e3o Faustino \u00e9 ator, diretor, cen\u00f3grafo, figurinista, maquiador, produtor, comunic\u00f3logo e graduado em R\u00e1dio e TV pela Universidade Bandeirantes. J\u00e1 Elisangela Sanchez \u00e9 pedagoga, atriz, professora e pesquisadora de Artes C\u00eanicas, graduada pela Universidade do Estado de S\u00e3o Paulo. &#8220;Todos que ainda n\u00e3o viram a mostra est\u00e3o convidados a participar desta verdadeira viagem ao Nordeste. \u00c9 s\u00f3 embarcar no Museu Municipal e boa viagem!&#8221;, convida Rosangela. O Museu Municipal de Itaquaquecetuba funciona de ter\u00e7a \u00e0 sexta-feira, das 8h \u00e0s 17h; s\u00e1bados, domingos e feriados, das 10h \u00e0s 17h; e fica na <a href=\"http:\/\/www.encontraitaquaquecetuba.com.br\/itaquaquecetuba\/praca-joao-alvares-itaquaquecetuba.shtml\" target=\"_blank\" rel=\"noopener\">Pra\u00e7a Padre Jo\u00e3o \u00c1lvares,<\/a> 49, Centro.<\/p>\n<p><em>Fonte: Prefeitura Municipal de Itaquaquecetuba<\/em><\/p>\n\n<div style=\"font-size: 0px; height: 0px; line-height: 0px; margin: 0; padding: 0; clear: both;\"><\/div>","protected":false},"excerpt":{"rendered":"<p>A exposi\u00e7\u00e3o &#8220;Nordeste &#8211; Os Encantos de um Povo&#8221;, que acontece no Museu Municipal de Itaquaquecetuba desde o dia 25 de julho, foi prorrogada at\u00e9 o pr\u00f3ximo dia 26 (domingo) em virtude do grande n\u00famero de pessoas que foi prestigi\u00e1-la, dando assim chances para que mais interessados possam conhec\u00ea-la. Trata-se de uma mostra que re\u00fane cen\u00e1rios, artesanato, artefatos, literatura de cordel, culin\u00e1ria, entre outros temas t\u00edpicos da regi\u00e3o do Nordeste. &#8220;Recebemos mais de 5 mil pessoas, incluindo visitas orientadas dos alunos da rede p\u00fablica de ensino, do Fundamental \u00e0 Escola de Jovens e Adultos, a EJA&#8221;, informou a coordenadora do <\/p>\n","protected":false},"author":1,"featured_media":0,"comment_status":"open","ping_status":"open","sticky":false,"template":"","format":"standard","meta":[],"categories":[15,6],"tags":[14],"yoast_head":"<!-- This site is optimized with the Yoast SEO plugin v19.6.1 - https:\/\/yoast.com\/wordpress\/plugins\/seo\/ -->\n<title>Exposi\u00e7\u00e3o sobre Cultura Nordestina \u00e9 prorrogada em Itaqu\u00e1 - Encontra Itaquaquecetuba<\/title>\n<meta name=\"robots\" content=\"index, follow, max-snippet:-1, max-image-preview:large, max-video-preview:-1\" \/>\n<link rel=\"canonical\" href=\"https:\/\/www.encontraitaquaquecetuba.com.br\/sobre\/exposicao-sobre-cultura-nordestina-e-prorrogada-em-itaqua\/\" \/>\n<meta property=\"og:locale\" content=\"pt_BR\" \/>\n<meta property=\"og:type\" content=\"article\" \/>\n<meta property=\"og:title\" content=\"Exposi\u00e7\u00e3o sobre Cultura Nordestina \u00e9 prorrogada em Itaqu\u00e1 - Encontra Itaquaquecetuba\" \/>\n<meta property=\"og:description\" content=\"A exposi\u00e7\u00e3o &#8220;Nordeste &#8211; Os Encantos de um Povo&#8221;, que acontece no Museu Municipal de Itaquaquecetuba desde o dia 25 de julho, foi prorrogada at\u00e9 o pr\u00f3ximo dia 26 (domingo) em virtude do grande n\u00famero de pessoas que foi prestigi\u00e1-la, dando assim chances para que mais interessados possam conhec\u00ea-la. Trata-se de uma mostra que re\u00fane cen\u00e1rios, artesanato, artefatos, literatura de cordel, culin\u00e1ria, entre outros temas t\u00edpicos da regi\u00e3o do Nordeste. &#8220;Recebemos mais de 5 mil pessoas, incluindo visitas orientadas dos alunos da rede p\u00fablica de ensino, do Fundamental \u00e0 Escola de Jovens e Adultos, a EJA&#8221;, informou a coordenadora do\" \/>\n<meta property=\"og:url\" content=\"https:\/\/www.encontraitaquaquecetuba.com.br\/sobre\/exposicao-sobre-cultura-nordestina-e-prorrogada-em-itaqua\/\" \/>\n<meta property=\"og:site_name\" content=\"Encontra Itaquaquecetuba\" \/>\n<meta property=\"article:published_time\" content=\"2012-08-23T20:10:39+00:00\" \/>\n<meta property=\"article:modified_time\" content=\"2021-09-13T15:23:00+00:00\" \/>\n<meta name=\"author\" content=\"Encontra Itaquaquecetuba\" \/>\n<meta name=\"twitter:card\" content=\"summary_large_image\" \/>\n<meta name=\"twitter:label1\" content=\"Escrito por\" \/>\n\t<meta name=\"twitter:data1\" content=\"Encontra Itaquaquecetuba\" \/>\n\t<meta name=\"twitter:label2\" content=\"Est. tempo de leitura\" \/>\n\t<meta name=\"twitter:data2\" content=\"2 minutos\" \/>\n<script type=\"application\/ld+json\" class=\"yoast-schema-graph\">{\"@context\":\"https:\/\/schema.org\",\"@graph\":[{\"@type\":\"WebPage\",\"@id\":\"https:\/\/www.encontraitaquaquecetuba.com.br\/sobre\/exposicao-sobre-cultura-nordestina-e-prorrogada-em-itaqua\/\",\"url\":\"https:\/\/www.encontraitaquaquecetuba.com.br\/sobre\/exposicao-sobre-cultura-nordestina-e-prorrogada-em-itaqua\/\",\"name\":\"Exposi\u00e7\u00e3o sobre Cultura Nordestina \u00e9 prorrogada em Itaqu\u00e1 - Encontra Itaquaquecetuba\",\"isPartOf\":{\"@id\":\"https:\/\/www.encontraitaquaquecetuba.com.br\/sobre\/#website\"},\"datePublished\":\"2012-08-23T20:10:39+00:00\",\"dateModified\":\"2021-09-13T15:23:00+00:00\",\"author\":{\"@id\":\"https:\/\/www.encontraitaquaquecetuba.com.br\/sobre\/#\/schema\/person\/a8a866dc746e447abf8ca22b02eae6ea\"},\"breadcrumb\":{\"@id\":\"https:\/\/www.encontraitaquaquecetuba.com.br\/sobre\/exposicao-sobre-cultura-nordestina-e-prorrogada-em-itaqua\/#breadcrumb\"},\"inLanguage\":\"pt-BR\",\"potentialAction\":[{\"@type\":\"ReadAction\",\"target\":[\"https:\/\/www.encontraitaquaquecetuba.com.br\/sobre\/exposicao-sobre-cultura-nordestina-e-prorrogada-em-itaqua\/\"]}]},{\"@type\":\"BreadcrumbList\",\"@id\":\"https:\/\/www.encontraitaquaquecetuba.com.br\/sobre\/exposicao-sobre-cultura-nordestina-e-prorrogada-em-itaqua\/#breadcrumb\",\"itemListElement\":[{\"@type\":\"ListItem\",\"position\":1,\"name\":\"In\u00edcio\",\"item\":\"https:\/\/www.encontraitaquaquecetuba.com.br\/sobre\/\"},{\"@type\":\"ListItem\",\"position\":2,\"name\":\"Exposi\u00e7\u00e3o sobre Cultura Nordestina \u00e9 prorrogada em Itaqu\u00e1\"}]},{\"@type\":\"WebSite\",\"@id\":\"https:\/\/www.encontraitaquaquecetuba.com.br\/sobre\/#website\",\"url\":\"https:\/\/www.encontraitaquaquecetuba.com.br\/sobre\/\",\"name\":\"Encontra Itaquaquecetuba\",\"description\":\"Not\u00edcias, eventos, informa\u00e7\u00f5es e dicas na cidade de Itaquaquecetuba e regi\u00e3o\",\"potentialAction\":[{\"@type\":\"SearchAction\",\"target\":{\"@type\":\"EntryPoint\",\"urlTemplate\":\"https:\/\/www.encontraitaquaquecetuba.com.br\/sobre\/?s={search_term_string}\"},\"query-input\":\"required name=search_term_string\"}],\"inLanguage\":\"pt-BR\"},{\"@type\":\"Person\",\"@id\":\"https:\/\/www.encontraitaquaquecetuba.com.br\/sobre\/#\/schema\/person\/a8a866dc746e447abf8ca22b02eae6ea\",\"name\":\"Encontra Itaquaquecetuba\",\"image\":{\"@type\":\"ImageObject\",\"inLanguage\":\"pt-BR\",\"@id\":\"https:\/\/www.encontraitaquaquecetuba.com.br\/sobre\/#\/schema\/person\/image\/\",\"url\":\"https:\/\/secure.gravatar.com\/avatar\/f007732be0d27cbf8a336929fe922478?s=96&d=mm&r=g\",\"contentUrl\":\"https:\/\/secure.gravatar.com\/avatar\/f007732be0d27cbf8a336929fe922478?s=96&d=mm&r=g\",\"caption\":\"Encontra Itaquaquecetuba\"},\"sameAs\":[\"http:\/\/www.encontraitaquaquecetuba.com.br\"],\"url\":\"https:\/\/www.encontraitaquaquecetuba.com.br\/sobre\/author\/eitaquaquecetuba\/\"}]}<\/script>\n<!-- \/ Yoast SEO plugin. -->","yoast_head_json":{"title":"Exposi\u00e7\u00e3o sobre Cultura Nordestina \u00e9 prorrogada em Itaqu\u00e1 - Encontra Itaquaquecetuba","robots":{"index":"index","follow":"follow","max-snippet":"max-snippet:-1","max-image-preview":"max-image-preview:large","max-video-preview":"max-video-preview:-1"},"canonical":"https:\/\/www.encontraitaquaquecetuba.com.br\/sobre\/exposicao-sobre-cultura-nordestina-e-prorrogada-em-itaqua\/","og_locale":"pt_BR","og_type":"article","og_title":"Exposi\u00e7\u00e3o sobre Cultura Nordestina \u00e9 prorrogada em Itaqu\u00e1 - Encontra Itaquaquecetuba","og_description":"A exposi\u00e7\u00e3o &#8220;Nordeste &#8211; Os Encantos de um Povo&#8221;, que acontece no Museu Municipal de Itaquaquecetuba desde o dia 25 de julho, foi prorrogada at\u00e9 o pr\u00f3ximo dia 26 (domingo) em virtude do grande n\u00famero de pessoas que foi prestigi\u00e1-la, dando assim chances para que mais interessados possam conhec\u00ea-la. Trata-se de uma mostra que re\u00fane cen\u00e1rios, artesanato, artefatos, literatura de cordel, culin\u00e1ria, entre outros temas t\u00edpicos da regi\u00e3o do Nordeste. &#8220;Recebemos mais de 5 mil pessoas, incluindo visitas orientadas dos alunos da rede p\u00fablica de ensino, do Fundamental \u00e0 Escola de Jovens e Adultos, a EJA&#8221;, informou a coordenadora do","og_url":"https:\/\/www.encontraitaquaquecetuba.com.br\/sobre\/exposicao-sobre-cultura-nordestina-e-prorrogada-em-itaqua\/","og_site_name":"Encontra Itaquaquecetuba","article_published_time":"2012-08-23T20:10:39+00:00","article_modified_time":"2021-09-13T15:23:00+00:00","author":"Encontra Itaquaquecetuba","twitter_card":"summary_large_image","twitter_misc":{"Escrito por":"Encontra Itaquaquecetuba","Est. tempo de leitura":"2 minutos"},"schema":{"@context":"https:\/\/schema.org","@graph":[{"@type":"WebPage","@id":"https:\/\/www.encontraitaquaquecetuba.com.br\/sobre\/exposicao-sobre-cultura-nordestina-e-prorrogada-em-itaqua\/","url":"https:\/\/www.encontraitaquaquecetuba.com.br\/sobre\/exposicao-sobre-cultura-nordestina-e-prorrogada-em-itaqua\/","name":"Exposi\u00e7\u00e3o sobre Cultura Nordestina \u00e9 prorrogada em Itaqu\u00e1 - Encontra Itaquaquecetuba","isPartOf":{"@id":"https:\/\/www.encontraitaquaquecetuba.com.br\/sobre\/#website"},"datePublished":"2012-08-23T20:10:39+00:00","dateModified":"2021-09-13T15:23:00+00:00","author":{"@id":"https:\/\/www.encontraitaquaquecetuba.com.br\/sobre\/#\/schema\/person\/a8a866dc746e447abf8ca22b02eae6ea"},"breadcrumb":{"@id":"https:\/\/www.encontraitaquaquecetuba.com.br\/sobre\/exposicao-sobre-cultura-nordestina-e-prorrogada-em-itaqua\/#breadcrumb"},"inLanguage":"pt-BR","potentialAction":[{"@type":"ReadAction","target":["https:\/\/www.encontraitaquaquecetuba.com.br\/sobre\/exposicao-sobre-cultura-nordestina-e-prorrogada-em-itaqua\/"]}]},{"@type":"BreadcrumbList","@id":"https:\/\/www.encontraitaquaquecetuba.com.br\/sobre\/exposicao-sobre-cultura-nordestina-e-prorrogada-em-itaqua\/#breadcrumb","itemListElement":[{"@type":"ListItem","position":1,"name":"In\u00edcio","item":"https:\/\/www.encontraitaquaquecetuba.com.br\/sobre\/"},{"@type":"ListItem","position":2,"name":"Exposi\u00e7\u00e3o sobre Cultura Nordestina \u00e9 prorrogada em Itaqu\u00e1"}]},{"@type":"WebSite","@id":"https:\/\/www.encontraitaquaquecetuba.com.br\/sobre\/#website","url":"https:\/\/www.encontraitaquaquecetuba.com.br\/sobre\/","name":"Encontra Itaquaquecetuba","description":"Not\u00edcias, eventos, informa\u00e7\u00f5es e dicas na cidade de Itaquaquecetuba e regi\u00e3o","potentialAction":[{"@type":"SearchAction","target":{"@type":"EntryPoint","urlTemplate":"https:\/\/www.encontraitaquaquecetuba.com.br\/sobre\/?s={search_term_string}"},"query-input":"required name=search_term_string"}],"inLanguage":"pt-BR"},{"@type":"Person","@id":"https:\/\/www.encontraitaquaquecetuba.com.br\/sobre\/#\/schema\/person\/a8a866dc746e447abf8ca22b02eae6ea","name":"Encontra Itaquaquecetuba","image":{"@type":"ImageObject","inLanguage":"pt-BR","@id":"https:\/\/www.encontraitaquaquecetuba.com.br\/sobre\/#\/schema\/person\/image\/","url":"https:\/\/secure.gravatar.com\/avatar\/f007732be0d27cbf8a336929fe922478?s=96&d=mm&r=g","contentUrl":"https:\/\/secure.gravatar.com\/avatar\/f007732be0d27cbf8a336929fe922478?s=96&d=mm&r=g","caption":"Encontra Itaquaquecetuba"},"sameAs":["http:\/\/www.encontraitaquaquecetuba.com.br"],"url":"https:\/\/www.encontraitaquaquecetuba.com.br\/sobre\/author\/eitaquaquecetuba\/"}]}},"_links":{"self":[{"href":"https:\/\/www.encontraitaquaquecetuba.com.br\/sobre\/wp-json\/wp\/v2\/posts\/691"}],"collection":[{"href":"https:\/\/www.encontraitaquaquecetuba.com.br\/sobre\/wp-json\/wp\/v2\/posts"}],"about":[{"href":"https:\/\/www.encontraitaquaquecetuba.com.br\/sobre\/wp-json\/wp\/v2\/types\/post"}],"author":[{"embeddable":true,"href":"https:\/\/www.encontraitaquaquecetuba.com.br\/sobre\/wp-json\/wp\/v2\/users\/1"}],"replies":[{"embeddable":true,"href":"https:\/\/www.encontraitaquaquecetuba.com.br\/sobre\/wp-json\/wp\/v2\/comments?post=691"}],"version-history":[{"count":0,"href":"https:\/\/www.encontraitaquaquecetuba.com.br\/sobre\/wp-json\/wp\/v2\/posts\/691\/revisions"}],"wp:attachment":[{"href":"https:\/\/www.encontraitaquaquecetuba.com.br\/sobre\/wp-json\/wp\/v2\/media?parent=691"}],"wp:term":[{"taxonomy":"category","embeddable":true,"href":"https:\/\/www.encontraitaquaquecetuba.com.br\/sobre\/wp-json\/wp\/v2\/categories?post=691"},{"taxonomy":"post_tag","embeddable":true,"href":"https:\/\/www.encontraitaquaquecetuba.com.br\/sobre\/wp-json\/wp\/v2\/tags?post=691"}],"curies":[{"name":"wp","href":"https:\/\/api.w.org\/{rel}","templated":true}]}}