{"id":755,"date":"2012-09-17T16:57:08","date_gmt":"2012-09-17T16:57:08","guid":{"rendered":"http:\/\/www.encontraitaquaquecetuba.com.br\/noticias\/?p=755"},"modified":"2013-08-14T04:51:05","modified_gmt":"2013-08-14T04:51:05","slug":"semana-nacional-de-transito-em-itaqua-tera-inicio-no-dia-17","status":"publish","type":"post","link":"https:\/\/www.encontraitaquaquecetuba.com.br\/sobre\/semana-nacional-de-transito-em-itaqua-tera-inicio-no-dia-17\/","title":{"rendered":"Semana Nacional de Tr\u00e2nsito em Itaqu\u00e1 ter\u00e1 in\u00edcio no dia 17"},"content":{"rendered":"<div class=\"80eb2665678f8e3864bb9a528523815b\" data-index=\"1\" style=\"float: none; margin:5px 0 5px 0; text-align:center;\">\n<!-- PUB 73 - Responsivo Horizontal -->\r\n<ins class=\"adsbygoogle\"\r\n     style=\"display:block\"\r\n     data-ad-client=\"ca-pub-7321736592693252\"\r\n     data-ad-slot=\"3087950420\"\r\n     data-ad-format=\"auto\"\r\n     data-full-width-responsive=\"true\"><\/ins>\r\n<script>\r\n     (adsbygoogle = window.adsbygoogle || []).push({});\r\n<\/script>\n<\/div>\n<p>Evento j\u00e1 tradicional no munic\u00edpio, a &#8220;Semana Nacional do Tr\u00e2nsito&#8221; -organizada pela Secretaria Municipal de Transportes &#8211; acontecer\u00e1 entre os dias 17 e 21 de setembro e contar\u00e1 com v\u00e1rias atividades educativas e preventivas em torno do tema que \u00e9 a &#8220;D\u00e9cada Mundial de A\u00e7\u00f5es para a Seguran\u00e7a do Tr\u00e2nsito &#8211; 2011\/2020: N\u00e3o exceda a Velocidade, Preserve a Vida&#8221;. &#8220;O objetivo da a\u00e7\u00e3o \u00e9 despertar a consci\u00eancia e o compromisso de todos para o comportamento seguro no tr\u00e2nsito, al\u00e9m do respeito \u00e0s leis de tr\u00e2nsito por parte dos motoristas e pedestres e a conscientiza\u00e7\u00e3o das crian\u00e7as para o futuro no tr\u00e2nsito&#8221;, explicou o secret\u00e1rio de Transportes, Wander Rodrigues Fernandes.<\/p>\n<p>Na segunda (dia 17) e ter\u00e7a (dia 18) haver\u00e1 palestras para as crian\u00e7as na Escola Municipal Vereador Augusto dos Santos; na quarta (19), uma blitz educativa ser\u00e1 realizada na <a href=\"http:\/\/www.encontraitaquaquecetuba.com.br\/itaquaquecetuba\/praca-joao-alvares-itaquaquecetuba.shtml\" target=\"_blank\">Pra\u00e7a Padre Jo\u00e3o \u00c1lvares<\/a>; e na sexta (21), acontecer\u00e3o o encerramento da Semana de Tr\u00e2nsito e, a partir das 10 horas, a premia\u00e7\u00e3o do concurso de Melhor Desenho e Melhor Frase que contar\u00e1 com a participa\u00e7\u00e3o de alunos do 1\u00ba ao 5\u00ba ano da rede municipal de ensino. Segundo Fernandes, os vencedores ser\u00e3o anunciados na manh\u00e3 do dia 21, na Pra\u00e7a Padre Jo\u00e3o \u00c1lvares, no Centro. &#8220;Ser\u00e3o expostos durante todo o dia na \u00e1rea central da cidade tanto os trabalhos premiados, quanto os que se destacaram&#8221;, afirmou o secret\u00e1rio.<\/p>\n<p>Ele lembrou que a Educa\u00e7\u00e3o no Tr\u00e2nsito \u00e9 realizada durante todo o ano na Escola Municipal de Educa\u00e7\u00e3o para o Tr\u00e2nsito, situada no Parque Ecol\u00f3gico, de segunda \u00e0 sexta-feira, das 8 \u00e0s 17 horas, atendendo diariamente 70 crian\u00e7as, com aulas te\u00f3ricas e pr\u00e1ticas relacionadas \u00e0 disciplina. Entre 2005 e 2011, segundo ele, passaram pela escola 28.931 alunos. &#8220;Lembrando que todas as a\u00e7\u00f5es da &#8216;Semana Nacional de Tr\u00e2nsito&#8217; ser\u00e3o desenvolvidas por profissionais da \u00e1rea de transportes e educadores com objetivo de expandir nos alunos conhecimentos e valores sobre o tema&#8221;, destacou Fernandes.<\/p>\n<p>E para alertar motoristas e pedestres sobre a import\u00e2ncia da preven\u00e7\u00e3o de acidentes, haver\u00e1 a exposi\u00e7\u00e3o em tr\u00eas pontos diferentes da cidade de carros que se envolveram em acidentes e ficaram destru\u00eddos. Confira os pontos onde esses ve\u00edculos ficar\u00e3o expostos: Pra\u00e7a Eug\u00eanio Deliberato x Rotat\u00f3ria do Homero; Rodovia Alberto Hinoto x Avenida Almiro Dias; e Avenida Almiro Dias x Rodovia Governador M\u00e1rio Covas. Atrav\u00e9s de concurso de Melhor Desenho e Melhor Frase dentro da &#8220;Semana Nacional do Tr\u00e2nsito&#8221;, Itaquaquecetuba \u00e9 uma das cidades na regi\u00e3o que mais incentiva as crian\u00e7as e jovens a terem consci\u00eancia da import\u00e2ncia do comportamento seguro e respons\u00e1vel dentro do tr\u00e2nsito para evitar acidentes e tornar as vias mais seguras \u00e0 sociedade.<\/p>\n<p><em>Fonte: Prefeitura Municipal de S\u00e3o Paulo<\/em><\/p>\n\n<div style=\"font-size: 0px; height: 0px; line-height: 0px; margin: 0; padding: 0; clear: both;\"><\/div>","protected":false},"excerpt":{"rendered":"<p>Evento j\u00e1 tradicional no munic\u00edpio, a &#8220;Semana Nacional do Tr\u00e2nsito&#8221; -organizada pela Secretaria Municipal de Transportes &#8211; acontecer\u00e1 entre os dias 17 e 21 de setembro e contar\u00e1 com v\u00e1rias atividades educativas e preventivas em torno do tema que \u00e9 a &#8220;D\u00e9cada Mundial de A\u00e7\u00f5es para a Seguran\u00e7a do Tr\u00e2nsito &#8211; 2011\/2020: N\u00e3o exceda a Velocidade, Preserve a Vida&#8221;. &#8220;O objetivo da a\u00e7\u00e3o \u00e9 despertar a consci\u00eancia e o compromisso de todos para o comportamento seguro no tr\u00e2nsito, al\u00e9m do respeito \u00e0s leis de tr\u00e2nsito por parte dos motoristas e pedestres e a conscientiza\u00e7\u00e3o das crian\u00e7as para o futuro no <\/p>\n","protected":false},"author":1,"featured_media":0,"comment_status":"open","ping_status":"open","sticky":false,"template":"","format":"standard","meta":[],"categories":[6],"tags":[14],"yoast_head":"<!-- This site is optimized with the Yoast SEO plugin v19.6.1 - https:\/\/yoast.com\/wordpress\/plugins\/seo\/ -->\n<title>Semana Nacional de Tr\u00e2nsito em Itaqu\u00e1 ter\u00e1 in\u00edcio no dia 17 - Encontra Itaquaquecetuba<\/title>\n<meta name=\"robots\" content=\"index, follow, max-snippet:-1, max-image-preview:large, max-video-preview:-1\" \/>\n<link rel=\"canonical\" href=\"https:\/\/www.encontraitaquaquecetuba.com.br\/sobre\/semana-nacional-de-transito-em-itaqua-tera-inicio-no-dia-17\/\" \/>\n<meta property=\"og:locale\" content=\"pt_BR\" \/>\n<meta property=\"og:type\" content=\"article\" \/>\n<meta property=\"og:title\" content=\"Semana Nacional de Tr\u00e2nsito em Itaqu\u00e1 ter\u00e1 in\u00edcio no dia 17 - Encontra Itaquaquecetuba\" \/>\n<meta property=\"og:description\" content=\"Evento j\u00e1 tradicional no munic\u00edpio, a &#8220;Semana Nacional do Tr\u00e2nsito&#8221; -organizada pela Secretaria Municipal de Transportes &#8211; acontecer\u00e1 entre os dias 17 e 21 de setembro e contar\u00e1 com v\u00e1rias atividades educativas e preventivas em torno do tema que \u00e9 a &#8220;D\u00e9cada Mundial de A\u00e7\u00f5es para a Seguran\u00e7a do Tr\u00e2nsito &#8211; 2011\/2020: N\u00e3o exceda a Velocidade, Preserve a Vida&#8221;. &#8220;O objetivo da a\u00e7\u00e3o \u00e9 despertar a consci\u00eancia e o compromisso de todos para o comportamento seguro no tr\u00e2nsito, al\u00e9m do respeito \u00e0s leis de tr\u00e2nsito por parte dos motoristas e pedestres e a conscientiza\u00e7\u00e3o das crian\u00e7as para o futuro no\" \/>\n<meta property=\"og:url\" content=\"https:\/\/www.encontraitaquaquecetuba.com.br\/sobre\/semana-nacional-de-transito-em-itaqua-tera-inicio-no-dia-17\/\" \/>\n<meta property=\"og:site_name\" content=\"Encontra Itaquaquecetuba\" \/>\n<meta property=\"article:published_time\" content=\"2012-09-17T16:57:08+00:00\" \/>\n<meta property=\"article:modified_time\" content=\"2013-08-14T04:51:05+00:00\" \/>\n<meta name=\"author\" content=\"Encontra Itaquaquecetuba\" \/>\n<meta name=\"twitter:card\" content=\"summary_large_image\" \/>\n<meta name=\"twitter:label1\" content=\"Escrito por\" \/>\n\t<meta name=\"twitter:data1\" content=\"Encontra Itaquaquecetuba\" \/>\n\t<meta name=\"twitter:label2\" content=\"Est. tempo de leitura\" \/>\n\t<meta name=\"twitter:data2\" content=\"2 minutos\" \/>\n<script type=\"application\/ld+json\" class=\"yoast-schema-graph\">{\"@context\":\"https:\/\/schema.org\",\"@graph\":[{\"@type\":\"WebPage\",\"@id\":\"https:\/\/www.encontraitaquaquecetuba.com.br\/sobre\/semana-nacional-de-transito-em-itaqua-tera-inicio-no-dia-17\/\",\"url\":\"https:\/\/www.encontraitaquaquecetuba.com.br\/sobre\/semana-nacional-de-transito-em-itaqua-tera-inicio-no-dia-17\/\",\"name\":\"Semana Nacional de Tr\u00e2nsito em Itaqu\u00e1 ter\u00e1 in\u00edcio no dia 17 - Encontra Itaquaquecetuba\",\"isPartOf\":{\"@id\":\"https:\/\/www.encontraitaquaquecetuba.com.br\/sobre\/#website\"},\"datePublished\":\"2012-09-17T16:57:08+00:00\",\"dateModified\":\"2013-08-14T04:51:05+00:00\",\"author\":{\"@id\":\"https:\/\/www.encontraitaquaquecetuba.com.br\/sobre\/#\/schema\/person\/a8a866dc746e447abf8ca22b02eae6ea\"},\"breadcrumb\":{\"@id\":\"https:\/\/www.encontraitaquaquecetuba.com.br\/sobre\/semana-nacional-de-transito-em-itaqua-tera-inicio-no-dia-17\/#breadcrumb\"},\"inLanguage\":\"pt-BR\",\"potentialAction\":[{\"@type\":\"ReadAction\",\"target\":[\"https:\/\/www.encontraitaquaquecetuba.com.br\/sobre\/semana-nacional-de-transito-em-itaqua-tera-inicio-no-dia-17\/\"]}]},{\"@type\":\"BreadcrumbList\",\"@id\":\"https:\/\/www.encontraitaquaquecetuba.com.br\/sobre\/semana-nacional-de-transito-em-itaqua-tera-inicio-no-dia-17\/#breadcrumb\",\"itemListElement\":[{\"@type\":\"ListItem\",\"position\":1,\"name\":\"In\u00edcio\",\"item\":\"https:\/\/www.encontraitaquaquecetuba.com.br\/sobre\/\"},{\"@type\":\"ListItem\",\"position\":2,\"name\":\"Semana Nacional de Tr\u00e2nsito em Itaqu\u00e1 ter\u00e1 in\u00edcio no dia 17\"}]},{\"@type\":\"WebSite\",\"@id\":\"https:\/\/www.encontraitaquaquecetuba.com.br\/sobre\/#website\",\"url\":\"https:\/\/www.encontraitaquaquecetuba.com.br\/sobre\/\",\"name\":\"Encontra Itaquaquecetuba\",\"description\":\"Not\u00edcias, eventos, informa\u00e7\u00f5es e dicas na cidade de Itaquaquecetuba e regi\u00e3o\",\"potentialAction\":[{\"@type\":\"SearchAction\",\"target\":{\"@type\":\"EntryPoint\",\"urlTemplate\":\"https:\/\/www.encontraitaquaquecetuba.com.br\/sobre\/?s={search_term_string}\"},\"query-input\":\"required name=search_term_string\"}],\"inLanguage\":\"pt-BR\"},{\"@type\":\"Person\",\"@id\":\"https:\/\/www.encontraitaquaquecetuba.com.br\/sobre\/#\/schema\/person\/a8a866dc746e447abf8ca22b02eae6ea\",\"name\":\"Encontra Itaquaquecetuba\",\"image\":{\"@type\":\"ImageObject\",\"inLanguage\":\"pt-BR\",\"@id\":\"https:\/\/www.encontraitaquaquecetuba.com.br\/sobre\/#\/schema\/person\/image\/\",\"url\":\"https:\/\/secure.gravatar.com\/avatar\/f007732be0d27cbf8a336929fe922478?s=96&d=mm&r=g\",\"contentUrl\":\"https:\/\/secure.gravatar.com\/avatar\/f007732be0d27cbf8a336929fe922478?s=96&d=mm&r=g\",\"caption\":\"Encontra Itaquaquecetuba\"},\"sameAs\":[\"http:\/\/www.encontraitaquaquecetuba.com.br\"],\"url\":\"https:\/\/www.encontraitaquaquecetuba.com.br\/sobre\/author\/eitaquaquecetuba\/\"}]}<\/script>\n<!-- \/ Yoast SEO plugin. -->","yoast_head_json":{"title":"Semana Nacional de Tr\u00e2nsito em Itaqu\u00e1 ter\u00e1 in\u00edcio no dia 17 - Encontra Itaquaquecetuba","robots":{"index":"index","follow":"follow","max-snippet":"max-snippet:-1","max-image-preview":"max-image-preview:large","max-video-preview":"max-video-preview:-1"},"canonical":"https:\/\/www.encontraitaquaquecetuba.com.br\/sobre\/semana-nacional-de-transito-em-itaqua-tera-inicio-no-dia-17\/","og_locale":"pt_BR","og_type":"article","og_title":"Semana Nacional de Tr\u00e2nsito em Itaqu\u00e1 ter\u00e1 in\u00edcio no dia 17 - Encontra Itaquaquecetuba","og_description":"Evento j\u00e1 tradicional no munic\u00edpio, a &#8220;Semana Nacional do Tr\u00e2nsito&#8221; -organizada pela Secretaria Municipal de Transportes &#8211; acontecer\u00e1 entre os dias 17 e 21 de setembro e contar\u00e1 com v\u00e1rias atividades educativas e preventivas em torno do tema que \u00e9 a &#8220;D\u00e9cada Mundial de A\u00e7\u00f5es para a Seguran\u00e7a do Tr\u00e2nsito &#8211; 2011\/2020: N\u00e3o exceda a Velocidade, Preserve a Vida&#8221;. &#8220;O objetivo da a\u00e7\u00e3o \u00e9 despertar a consci\u00eancia e o compromisso de todos para o comportamento seguro no tr\u00e2nsito, al\u00e9m do respeito \u00e0s leis de tr\u00e2nsito por parte dos motoristas e pedestres e a conscientiza\u00e7\u00e3o das crian\u00e7as para o futuro no","og_url":"https:\/\/www.encontraitaquaquecetuba.com.br\/sobre\/semana-nacional-de-transito-em-itaqua-tera-inicio-no-dia-17\/","og_site_name":"Encontra Itaquaquecetuba","article_published_time":"2012-09-17T16:57:08+00:00","article_modified_time":"2013-08-14T04:51:05+00:00","author":"Encontra Itaquaquecetuba","twitter_card":"summary_large_image","twitter_misc":{"Escrito por":"Encontra Itaquaquecetuba","Est. tempo de leitura":"2 minutos"},"schema":{"@context":"https:\/\/schema.org","@graph":[{"@type":"WebPage","@id":"https:\/\/www.encontraitaquaquecetuba.com.br\/sobre\/semana-nacional-de-transito-em-itaqua-tera-inicio-no-dia-17\/","url":"https:\/\/www.encontraitaquaquecetuba.com.br\/sobre\/semana-nacional-de-transito-em-itaqua-tera-inicio-no-dia-17\/","name":"Semana Nacional de Tr\u00e2nsito em Itaqu\u00e1 ter\u00e1 in\u00edcio no dia 17 - Encontra Itaquaquecetuba","isPartOf":{"@id":"https:\/\/www.encontraitaquaquecetuba.com.br\/sobre\/#website"},"datePublished":"2012-09-17T16:57:08+00:00","dateModified":"2013-08-14T04:51:05+00:00","author":{"@id":"https:\/\/www.encontraitaquaquecetuba.com.br\/sobre\/#\/schema\/person\/a8a866dc746e447abf8ca22b02eae6ea"},"breadcrumb":{"@id":"https:\/\/www.encontraitaquaquecetuba.com.br\/sobre\/semana-nacional-de-transito-em-itaqua-tera-inicio-no-dia-17\/#breadcrumb"},"inLanguage":"pt-BR","potentialAction":[{"@type":"ReadAction","target":["https:\/\/www.encontraitaquaquecetuba.com.br\/sobre\/semana-nacional-de-transito-em-itaqua-tera-inicio-no-dia-17\/"]}]},{"@type":"BreadcrumbList","@id":"https:\/\/www.encontraitaquaquecetuba.com.br\/sobre\/semana-nacional-de-transito-em-itaqua-tera-inicio-no-dia-17\/#breadcrumb","itemListElement":[{"@type":"ListItem","position":1,"name":"In\u00edcio","item":"https:\/\/www.encontraitaquaquecetuba.com.br\/sobre\/"},{"@type":"ListItem","position":2,"name":"Semana Nacional de Tr\u00e2nsito em Itaqu\u00e1 ter\u00e1 in\u00edcio no dia 17"}]},{"@type":"WebSite","@id":"https:\/\/www.encontraitaquaquecetuba.com.br\/sobre\/#website","url":"https:\/\/www.encontraitaquaquecetuba.com.br\/sobre\/","name":"Encontra Itaquaquecetuba","description":"Not\u00edcias, eventos, informa\u00e7\u00f5es e dicas na cidade de Itaquaquecetuba e regi\u00e3o","potentialAction":[{"@type":"SearchAction","target":{"@type":"EntryPoint","urlTemplate":"https:\/\/www.encontraitaquaquecetuba.com.br\/sobre\/?s={search_term_string}"},"query-input":"required name=search_term_string"}],"inLanguage":"pt-BR"},{"@type":"Person","@id":"https:\/\/www.encontraitaquaquecetuba.com.br\/sobre\/#\/schema\/person\/a8a866dc746e447abf8ca22b02eae6ea","name":"Encontra Itaquaquecetuba","image":{"@type":"ImageObject","inLanguage":"pt-BR","@id":"https:\/\/www.encontraitaquaquecetuba.com.br\/sobre\/#\/schema\/person\/image\/","url":"https:\/\/secure.gravatar.com\/avatar\/f007732be0d27cbf8a336929fe922478?s=96&d=mm&r=g","contentUrl":"https:\/\/secure.gravatar.com\/avatar\/f007732be0d27cbf8a336929fe922478?s=96&d=mm&r=g","caption":"Encontra Itaquaquecetuba"},"sameAs":["http:\/\/www.encontraitaquaquecetuba.com.br"],"url":"https:\/\/www.encontraitaquaquecetuba.com.br\/sobre\/author\/eitaquaquecetuba\/"}]}},"_links":{"self":[{"href":"https:\/\/www.encontraitaquaquecetuba.com.br\/sobre\/wp-json\/wp\/v2\/posts\/755"}],"collection":[{"href":"https:\/\/www.encontraitaquaquecetuba.com.br\/sobre\/wp-json\/wp\/v2\/posts"}],"about":[{"href":"https:\/\/www.encontraitaquaquecetuba.com.br\/sobre\/wp-json\/wp\/v2\/types\/post"}],"author":[{"embeddable":true,"href":"https:\/\/www.encontraitaquaquecetuba.com.br\/sobre\/wp-json\/wp\/v2\/users\/1"}],"replies":[{"embeddable":true,"href":"https:\/\/www.encontraitaquaquecetuba.com.br\/sobre\/wp-json\/wp\/v2\/comments?post=755"}],"version-history":[{"count":0,"href":"https:\/\/www.encontraitaquaquecetuba.com.br\/sobre\/wp-json\/wp\/v2\/posts\/755\/revisions"}],"wp:attachment":[{"href":"https:\/\/www.encontraitaquaquecetuba.com.br\/sobre\/wp-json\/wp\/v2\/media?parent=755"}],"wp:term":[{"taxonomy":"category","embeddable":true,"href":"https:\/\/www.encontraitaquaquecetuba.com.br\/sobre\/wp-json\/wp\/v2\/categories?post=755"},{"taxonomy":"post_tag","embeddable":true,"href":"https:\/\/www.encontraitaquaquecetuba.com.br\/sobre\/wp-json\/wp\/v2\/tags?post=755"}],"curies":[{"name":"wp","href":"https:\/\/api.w.org\/{rel}","templated":true}]}}