{"id":777,"date":"2012-09-25T00:47:00","date_gmt":"2012-09-25T00:47:00","guid":{"rendered":"http:\/\/www.encontraitaquaquecetuba.com.br\/noticias\/?p=777"},"modified":"2013-08-14T04:51:02","modified_gmt":"2013-08-14T04:51:02","slug":"veja-as-vagas-de-emprego-disponiveis-em-itaquaquecetuba-e-regiao-2","status":"publish","type":"post","link":"https:\/\/www.encontraitaquaquecetuba.com.br\/sobre\/veja-as-vagas-de-emprego-disponiveis-em-itaquaquecetuba-e-regiao-2\/","title":{"rendered":"Veja as vagas de emprego dispon\u00edveis em Itaquaquecetuba e regi\u00e3o"},"content":{"rendered":"<div class=\"80eb2665678f8e3864bb9a528523815b\" data-index=\"1\" style=\"float: none; margin:5px 0 5px 0; text-align:center;\">\n<!-- PUB 73 - Responsivo Horizontal -->\r\n<ins class=\"adsbygoogle\"\r\n     style=\"display:block\"\r\n     data-ad-client=\"ca-pub-7321736592693252\"\r\n     data-ad-slot=\"3087950420\"\r\n     data-ad-format=\"auto\"\r\n     data-full-width-responsive=\"true\"><\/ins>\r\n<script>\r\n     (adsbygoogle = window.adsbygoogle || []).push({});\r\n<\/script>\n<\/div>\n<p>Os Postos de Atendimento ao Trabalhador (PAT) no Alto Tiet\u00ea est\u00e3o com vagas dispon\u00edveis em v\u00e1rias \u00e1reas.<\/p>\n<p>Em Aruj\u00e1 h\u00e1 vagas para auxiliar administrativo, t\u00e9cnico de enfermagem, socorrista, motorista de \u00f4nibus urbano e eletricista de autos.<\/p>\n<p>Em Ferraz de Vasconcelos, a busca \u00e9 por auxiliar de linha de produ\u00e7\u00e3o, vendedor, operador de telemarketing e professor de costura industrial.<\/p>\n<p>No <a href=\"http:\/\/www.encontraitaquaquecetuba.com.br\/itaquaquecetuba\/pat-itaquaquecetuba.shtml\" target=\"_blank\">PAT de Itaquaquecetuba,<\/a> a procura \u00e9 por marceneiro, serralheiro de ferro, cozinheiro e pintor de m\u00f3veis.<\/p>\n<p>Em Mogi das Cruzes, h\u00e1 oportunidades para vendedor de servi\u00e7os, cozinheiro geral, gar\u00e7om e atendente de balc\u00e3o.<\/p>\n<p>J\u00e1 em Po\u00e1, tem vagas para mec\u00e2nico de manuten\u00e7\u00e3o, auxiliar de manuten\u00e7\u00e3o el\u00e9trica e atendente de ped\u00e1gio.<\/p>\n<p>Em Santa Isabel tem oportunidades para oficial de servi\u00e7os gerais, auxiliar de enfermagem, repositor de mercadorias e serralheiro.<\/p>\n<p>Em Suzano h\u00e1 vagas para ajudante de produ\u00e7\u00e3o, a\u00e7ougueiro, nutricionista e gerente.<\/p>\n<p><strong>Unidades dos Postos de Atendimento ao Trabalhador (PAT) no Alto Tiet\u00ea<\/strong><\/p>\n<p>&#8211; Aruj\u00e1<br \/>\nEndere\u00e7o: Rua Professor Jo\u00e3o Feliciano, 75, Bairro Barbosa<br \/>\nInforma\u00e7\u00f5es: 4653-4057<\/p>\n<p>&#8211; Ferraz de Vasconcelos<br \/>\nEndere\u00e7o: Avenida Am\u00e9rico Trufeli, 60, Conjunto Residencial Jos\u00e9 C. Moriel<br \/>\nInforma\u00e7\u00f5es: 4676-7773<\/p>\n<p><strong>&#8211; Itaquaquecetuba<\/strong><br \/>\n<strong>Endere\u00e7o: Estrada de Santa Isabel, 1.100, Monte Belo<\/strong><br \/>\n<strong>Informa\u00e7\u00f5es: 4642-1116<\/strong><\/p>\n<p>&#8211; Mogi das Cruzes<br \/>\nEndere\u00e7o: Avenida C\u00e2ndido Xavier de Almeida Souza, 117, Centro C\u00edvico<br \/>\nInforma\u00e7\u00f5es: 4699-1900<\/p>\n<p>&#8211; Po\u00e1<br \/>\nEndere\u00e7o: Pra\u00e7a dos Expedicion\u00e1rios, Centro, 31, Po\u00e1<br \/>\nInforma\u00e7\u00f5es: 4639-7854<\/p>\n<p>&#8211; Santa Isabel<br \/>\nEndere\u00e7o: Pra\u00e7a Fernando Lopes, 32, Centro, Santa Isabel<br \/>\nInforma\u00e7\u00f5es: 4657-4452<\/p>\n<p>&#8211; Suzano<br \/>\nEndere\u00e7o: Rua Benjamin Constant, 1.375, Centro, Suzano<br \/>\nInforma\u00e7\u00f5es: 4742-5514<\/p>\n<p><em>Fonte: TV Di\u00e1rio<\/em><\/p>\n\n<div style=\"font-size: 0px; height: 0px; line-height: 0px; margin: 0; padding: 0; clear: both;\"><\/div>","protected":false},"excerpt":{"rendered":"<p>Os Postos de Atendimento ao Trabalhador (PAT) no Alto Tiet\u00ea est\u00e3o com vagas dispon\u00edveis em v\u00e1rias \u00e1reas. Em Aruj\u00e1 h\u00e1 vagas para auxiliar administrativo, t\u00e9cnico de enfermagem, socorrista, motorista de \u00f4nibus urbano e eletricista de autos. Em Ferraz de Vasconcelos, a busca \u00e9 por auxiliar de linha de produ\u00e7\u00e3o, vendedor, operador de telemarketing e professor de costura industrial. No PAT de Itaquaquecetuba, a procura \u00e9 por marceneiro, serralheiro de ferro, cozinheiro e pintor de m\u00f3veis. Em Mogi das Cruzes, h\u00e1 oportunidades para vendedor de servi\u00e7os, cozinheiro geral, gar\u00e7om e atendente de balc\u00e3o. J\u00e1 em Po\u00e1, tem vagas para mec\u00e2nico de <\/p>\n","protected":false},"author":1,"featured_media":0,"comment_status":"open","ping_status":"open","sticky":false,"template":"","format":"standard","meta":[],"categories":[4],"tags":[14],"yoast_head":"<!-- This site is optimized with the Yoast SEO plugin v19.6.1 - https:\/\/yoast.com\/wordpress\/plugins\/seo\/ -->\n<title>Veja as vagas de emprego dispon\u00edveis em Itaquaquecetuba e regi\u00e3o - Encontra Itaquaquecetuba<\/title>\n<meta name=\"robots\" content=\"index, follow, max-snippet:-1, max-image-preview:large, max-video-preview:-1\" \/>\n<link rel=\"canonical\" href=\"https:\/\/www.encontraitaquaquecetuba.com.br\/sobre\/veja-as-vagas-de-emprego-disponiveis-em-itaquaquecetuba-e-regiao-2\/\" \/>\n<meta property=\"og:locale\" content=\"pt_BR\" \/>\n<meta property=\"og:type\" content=\"article\" \/>\n<meta property=\"og:title\" content=\"Veja as vagas de emprego dispon\u00edveis em Itaquaquecetuba e regi\u00e3o - Encontra Itaquaquecetuba\" \/>\n<meta property=\"og:description\" content=\"Os Postos de Atendimento ao Trabalhador (PAT) no Alto Tiet\u00ea est\u00e3o com vagas dispon\u00edveis em v\u00e1rias \u00e1reas. Em Aruj\u00e1 h\u00e1 vagas para auxiliar administrativo, t\u00e9cnico de enfermagem, socorrista, motorista de \u00f4nibus urbano e eletricista de autos. Em Ferraz de Vasconcelos, a busca \u00e9 por auxiliar de linha de produ\u00e7\u00e3o, vendedor, operador de telemarketing e professor de costura industrial. No PAT de Itaquaquecetuba, a procura \u00e9 por marceneiro, serralheiro de ferro, cozinheiro e pintor de m\u00f3veis. Em Mogi das Cruzes, h\u00e1 oportunidades para vendedor de servi\u00e7os, cozinheiro geral, gar\u00e7om e atendente de balc\u00e3o. J\u00e1 em Po\u00e1, tem vagas para mec\u00e2nico de\" \/>\n<meta property=\"og:url\" content=\"https:\/\/www.encontraitaquaquecetuba.com.br\/sobre\/veja-as-vagas-de-emprego-disponiveis-em-itaquaquecetuba-e-regiao-2\/\" \/>\n<meta property=\"og:site_name\" content=\"Encontra Itaquaquecetuba\" \/>\n<meta property=\"article:published_time\" content=\"2012-09-25T00:47:00+00:00\" \/>\n<meta property=\"article:modified_time\" content=\"2013-08-14T04:51:02+00:00\" \/>\n<meta name=\"author\" content=\"Encontra Itaquaquecetuba\" \/>\n<meta name=\"twitter:card\" content=\"summary_large_image\" \/>\n<meta name=\"twitter:label1\" content=\"Escrito por\" \/>\n\t<meta name=\"twitter:data1\" content=\"Encontra Itaquaquecetuba\" \/>\n\t<meta name=\"twitter:label2\" content=\"Est. tempo de leitura\" \/>\n\t<meta name=\"twitter:data2\" content=\"1 minuto\" \/>\n<script type=\"application\/ld+json\" class=\"yoast-schema-graph\">{\"@context\":\"https:\/\/schema.org\",\"@graph\":[{\"@type\":\"WebPage\",\"@id\":\"https:\/\/www.encontraitaquaquecetuba.com.br\/sobre\/veja-as-vagas-de-emprego-disponiveis-em-itaquaquecetuba-e-regiao-2\/\",\"url\":\"https:\/\/www.encontraitaquaquecetuba.com.br\/sobre\/veja-as-vagas-de-emprego-disponiveis-em-itaquaquecetuba-e-regiao-2\/\",\"name\":\"Veja as vagas de emprego dispon\u00edveis em Itaquaquecetuba e regi\u00e3o - Encontra Itaquaquecetuba\",\"isPartOf\":{\"@id\":\"https:\/\/www.encontraitaquaquecetuba.com.br\/sobre\/#website\"},\"datePublished\":\"2012-09-25T00:47:00+00:00\",\"dateModified\":\"2013-08-14T04:51:02+00:00\",\"author\":{\"@id\":\"https:\/\/www.encontraitaquaquecetuba.com.br\/sobre\/#\/schema\/person\/a8a866dc746e447abf8ca22b02eae6ea\"},\"breadcrumb\":{\"@id\":\"https:\/\/www.encontraitaquaquecetuba.com.br\/sobre\/veja-as-vagas-de-emprego-disponiveis-em-itaquaquecetuba-e-regiao-2\/#breadcrumb\"},\"inLanguage\":\"pt-BR\",\"potentialAction\":[{\"@type\":\"ReadAction\",\"target\":[\"https:\/\/www.encontraitaquaquecetuba.com.br\/sobre\/veja-as-vagas-de-emprego-disponiveis-em-itaquaquecetuba-e-regiao-2\/\"]}]},{\"@type\":\"BreadcrumbList\",\"@id\":\"https:\/\/www.encontraitaquaquecetuba.com.br\/sobre\/veja-as-vagas-de-emprego-disponiveis-em-itaquaquecetuba-e-regiao-2\/#breadcrumb\",\"itemListElement\":[{\"@type\":\"ListItem\",\"position\":1,\"name\":\"In\u00edcio\",\"item\":\"https:\/\/www.encontraitaquaquecetuba.com.br\/sobre\/\"},{\"@type\":\"ListItem\",\"position\":2,\"name\":\"Veja as vagas de emprego dispon\u00edveis em Itaquaquecetuba e regi\u00e3o\"}]},{\"@type\":\"WebSite\",\"@id\":\"https:\/\/www.encontraitaquaquecetuba.com.br\/sobre\/#website\",\"url\":\"https:\/\/www.encontraitaquaquecetuba.com.br\/sobre\/\",\"name\":\"Encontra Itaquaquecetuba\",\"description\":\"Not\u00edcias, eventos, informa\u00e7\u00f5es e dicas na cidade de Itaquaquecetuba e regi\u00e3o\",\"potentialAction\":[{\"@type\":\"SearchAction\",\"target\":{\"@type\":\"EntryPoint\",\"urlTemplate\":\"https:\/\/www.encontraitaquaquecetuba.com.br\/sobre\/?s={search_term_string}\"},\"query-input\":\"required name=search_term_string\"}],\"inLanguage\":\"pt-BR\"},{\"@type\":\"Person\",\"@id\":\"https:\/\/www.encontraitaquaquecetuba.com.br\/sobre\/#\/schema\/person\/a8a866dc746e447abf8ca22b02eae6ea\",\"name\":\"Encontra Itaquaquecetuba\",\"image\":{\"@type\":\"ImageObject\",\"inLanguage\":\"pt-BR\",\"@id\":\"https:\/\/www.encontraitaquaquecetuba.com.br\/sobre\/#\/schema\/person\/image\/\",\"url\":\"https:\/\/secure.gravatar.com\/avatar\/f007732be0d27cbf8a336929fe922478?s=96&d=mm&r=g\",\"contentUrl\":\"https:\/\/secure.gravatar.com\/avatar\/f007732be0d27cbf8a336929fe922478?s=96&d=mm&r=g\",\"caption\":\"Encontra Itaquaquecetuba\"},\"sameAs\":[\"http:\/\/www.encontraitaquaquecetuba.com.br\"],\"url\":\"https:\/\/www.encontraitaquaquecetuba.com.br\/sobre\/author\/eitaquaquecetuba\/\"}]}<\/script>\n<!-- \/ Yoast SEO plugin. -->","yoast_head_json":{"title":"Veja as vagas de emprego dispon\u00edveis em Itaquaquecetuba e regi\u00e3o - Encontra Itaquaquecetuba","robots":{"index":"index","follow":"follow","max-snippet":"max-snippet:-1","max-image-preview":"max-image-preview:large","max-video-preview":"max-video-preview:-1"},"canonical":"https:\/\/www.encontraitaquaquecetuba.com.br\/sobre\/veja-as-vagas-de-emprego-disponiveis-em-itaquaquecetuba-e-regiao-2\/","og_locale":"pt_BR","og_type":"article","og_title":"Veja as vagas de emprego dispon\u00edveis em Itaquaquecetuba e regi\u00e3o - Encontra Itaquaquecetuba","og_description":"Os Postos de Atendimento ao Trabalhador (PAT) no Alto Tiet\u00ea est\u00e3o com vagas dispon\u00edveis em v\u00e1rias \u00e1reas. Em Aruj\u00e1 h\u00e1 vagas para auxiliar administrativo, t\u00e9cnico de enfermagem, socorrista, motorista de \u00f4nibus urbano e eletricista de autos. Em Ferraz de Vasconcelos, a busca \u00e9 por auxiliar de linha de produ\u00e7\u00e3o, vendedor, operador de telemarketing e professor de costura industrial. No PAT de Itaquaquecetuba, a procura \u00e9 por marceneiro, serralheiro de ferro, cozinheiro e pintor de m\u00f3veis. Em Mogi das Cruzes, h\u00e1 oportunidades para vendedor de servi\u00e7os, cozinheiro geral, gar\u00e7om e atendente de balc\u00e3o. J\u00e1 em Po\u00e1, tem vagas para mec\u00e2nico de","og_url":"https:\/\/www.encontraitaquaquecetuba.com.br\/sobre\/veja-as-vagas-de-emprego-disponiveis-em-itaquaquecetuba-e-regiao-2\/","og_site_name":"Encontra Itaquaquecetuba","article_published_time":"2012-09-25T00:47:00+00:00","article_modified_time":"2013-08-14T04:51:02+00:00","author":"Encontra Itaquaquecetuba","twitter_card":"summary_large_image","twitter_misc":{"Escrito por":"Encontra Itaquaquecetuba","Est. tempo de leitura":"1 minuto"},"schema":{"@context":"https:\/\/schema.org","@graph":[{"@type":"WebPage","@id":"https:\/\/www.encontraitaquaquecetuba.com.br\/sobre\/veja-as-vagas-de-emprego-disponiveis-em-itaquaquecetuba-e-regiao-2\/","url":"https:\/\/www.encontraitaquaquecetuba.com.br\/sobre\/veja-as-vagas-de-emprego-disponiveis-em-itaquaquecetuba-e-regiao-2\/","name":"Veja as vagas de emprego dispon\u00edveis em Itaquaquecetuba e regi\u00e3o - Encontra Itaquaquecetuba","isPartOf":{"@id":"https:\/\/www.encontraitaquaquecetuba.com.br\/sobre\/#website"},"datePublished":"2012-09-25T00:47:00+00:00","dateModified":"2013-08-14T04:51:02+00:00","author":{"@id":"https:\/\/www.encontraitaquaquecetuba.com.br\/sobre\/#\/schema\/person\/a8a866dc746e447abf8ca22b02eae6ea"},"breadcrumb":{"@id":"https:\/\/www.encontraitaquaquecetuba.com.br\/sobre\/veja-as-vagas-de-emprego-disponiveis-em-itaquaquecetuba-e-regiao-2\/#breadcrumb"},"inLanguage":"pt-BR","potentialAction":[{"@type":"ReadAction","target":["https:\/\/www.encontraitaquaquecetuba.com.br\/sobre\/veja-as-vagas-de-emprego-disponiveis-em-itaquaquecetuba-e-regiao-2\/"]}]},{"@type":"BreadcrumbList","@id":"https:\/\/www.encontraitaquaquecetuba.com.br\/sobre\/veja-as-vagas-de-emprego-disponiveis-em-itaquaquecetuba-e-regiao-2\/#breadcrumb","itemListElement":[{"@type":"ListItem","position":1,"name":"In\u00edcio","item":"https:\/\/www.encontraitaquaquecetuba.com.br\/sobre\/"},{"@type":"ListItem","position":2,"name":"Veja as vagas de emprego dispon\u00edveis em Itaquaquecetuba e regi\u00e3o"}]},{"@type":"WebSite","@id":"https:\/\/www.encontraitaquaquecetuba.com.br\/sobre\/#website","url":"https:\/\/www.encontraitaquaquecetuba.com.br\/sobre\/","name":"Encontra Itaquaquecetuba","description":"Not\u00edcias, eventos, informa\u00e7\u00f5es e dicas na cidade de Itaquaquecetuba e regi\u00e3o","potentialAction":[{"@type":"SearchAction","target":{"@type":"EntryPoint","urlTemplate":"https:\/\/www.encontraitaquaquecetuba.com.br\/sobre\/?s={search_term_string}"},"query-input":"required name=search_term_string"}],"inLanguage":"pt-BR"},{"@type":"Person","@id":"https:\/\/www.encontraitaquaquecetuba.com.br\/sobre\/#\/schema\/person\/a8a866dc746e447abf8ca22b02eae6ea","name":"Encontra Itaquaquecetuba","image":{"@type":"ImageObject","inLanguage":"pt-BR","@id":"https:\/\/www.encontraitaquaquecetuba.com.br\/sobre\/#\/schema\/person\/image\/","url":"https:\/\/secure.gravatar.com\/avatar\/f007732be0d27cbf8a336929fe922478?s=96&d=mm&r=g","contentUrl":"https:\/\/secure.gravatar.com\/avatar\/f007732be0d27cbf8a336929fe922478?s=96&d=mm&r=g","caption":"Encontra Itaquaquecetuba"},"sameAs":["http:\/\/www.encontraitaquaquecetuba.com.br"],"url":"https:\/\/www.encontraitaquaquecetuba.com.br\/sobre\/author\/eitaquaquecetuba\/"}]}},"_links":{"self":[{"href":"https:\/\/www.encontraitaquaquecetuba.com.br\/sobre\/wp-json\/wp\/v2\/posts\/777"}],"collection":[{"href":"https:\/\/www.encontraitaquaquecetuba.com.br\/sobre\/wp-json\/wp\/v2\/posts"}],"about":[{"href":"https:\/\/www.encontraitaquaquecetuba.com.br\/sobre\/wp-json\/wp\/v2\/types\/post"}],"author":[{"embeddable":true,"href":"https:\/\/www.encontraitaquaquecetuba.com.br\/sobre\/wp-json\/wp\/v2\/users\/1"}],"replies":[{"embeddable":true,"href":"https:\/\/www.encontraitaquaquecetuba.com.br\/sobre\/wp-json\/wp\/v2\/comments?post=777"}],"version-history":[{"count":0,"href":"https:\/\/www.encontraitaquaquecetuba.com.br\/sobre\/wp-json\/wp\/v2\/posts\/777\/revisions"}],"wp:attachment":[{"href":"https:\/\/www.encontraitaquaquecetuba.com.br\/sobre\/wp-json\/wp\/v2\/media?parent=777"}],"wp:term":[{"taxonomy":"category","embeddable":true,"href":"https:\/\/www.encontraitaquaquecetuba.com.br\/sobre\/wp-json\/wp\/v2\/categories?post=777"},{"taxonomy":"post_tag","embeddable":true,"href":"https:\/\/www.encontraitaquaquecetuba.com.br\/sobre\/wp-json\/wp\/v2\/tags?post=777"}],"curies":[{"name":"wp","href":"https:\/\/api.w.org\/{rel}","templated":true}]}}