{"id":78,"date":"2011-07-14T21:53:37","date_gmt":"2011-07-14T21:53:37","guid":{"rendered":"http:\/\/www.encontraitaquaquecetuba.com.br\/noticias\/?p=78"},"modified":"2021-09-13T15:22:13","modified_gmt":"2021-09-13T15:22:13","slug":"itaquaquecetuba-realiza-iv-conferencia-municipal-de-assistencia-social","status":"publish","type":"post","link":"https:\/\/www.encontraitaquaquecetuba.com.br\/sobre\/itaquaquecetuba-realiza-iv-conferencia-municipal-de-assistencia-social\/","title":{"rendered":"Itaquaquecetuba realiza IV Confer\u00eancia Municipal de Assist\u00eancia Social"},"content":{"rendered":"<div class=\"80eb2665678f8e3864bb9a528523815b\" data-index=\"1\" style=\"float: none; margin:5px 0 5px 0; text-align:center;\">\n<!-- PUB 73 - Responsivo Horizontal -->\r\n<ins class=\"adsbygoogle\"\r\n     style=\"display:block\"\r\n     data-ad-client=\"ca-pub-7321736592693252\"\r\n     data-ad-slot=\"3087950420\"\r\n     data-ad-format=\"auto\"\r\n     data-full-width-responsive=\"true\"><\/ins>\r\n<script>\r\n     (adsbygoogle = window.adsbygoogle || []).push({});\r\n<\/script>\n<\/div>\n<p>A Secretaria Municipal de Promo\u00e7\u00e3o Social da cidade Itaquaquecetuba, por meio do conselho municipal de Assist\u00eancia Social, promoveu na ter\u00e7a-feira, 12 a IV Confer\u00eancia Municipal de Assist\u00eancia Social- Comas com o tema \u201c Inova\u00e7\u00e3o do SUAS para erradica\u00e7\u00e3o da pobreza\u201d, ministrado pela palestrante Soraia Nasser.<\/p>\n<p>O evento contou com a presen\u00e7a do vice prefeito Adilson Achando, representando o prefeito Armando Tavares Filho, o Armando da Farm\u00e1cia, da secretaria municipal de promo\u00e7\u00e3o social Guiomar Soares Tavares, da presidente do conselho municipal de assist\u00eancia social \u2013 Comas M\u00e1rcia Brasil, da diretora da escola municipal Chiozo Kitakawa Isaura Maria Dias da Cruz e com a presen\u00e7a da Deputada Estadual Heroilma Soares Tavares entre outras autoridades.<\/p>\n<p>De acordo com Guiomar Soares Tavares \u00e9 de grande import\u00e2ncia a participa\u00e7\u00e3o da sociedade nestas a\u00e7\u00f5es.\u00a0Na ocasi\u00e3o, foi feita a leitura e a aprova\u00e7\u00e3o do regimento interno da IV confer\u00eancia, apresenta\u00e7\u00e3o de pesquisas dos CRAS e do controle social, discuss\u00f5es e vota\u00e7\u00f5es dos trabalhos em grupos nas salas de acordo com eixos tem\u00e1ticos, apresenta\u00e7\u00e3o e homologa\u00e7\u00e3o das propostas aprovadas nas salas de discuss\u00f5es, escolha e proclama\u00e7\u00e3o dos delegados para participa\u00e7\u00e3o da confer\u00eancia Regional de assist\u00eancia social, entre outras quest\u00f5es.<\/p>\n<p><em>Fonte: Prefeitura de Itaquaquecetuba<\/em><\/p>\n\n<div style=\"font-size: 0px; height: 0px; line-height: 0px; margin: 0; padding: 0; clear: both;\"><\/div>","protected":false},"excerpt":{"rendered":"<p>A Secretaria Municipal de Promo\u00e7\u00e3o Social da cidade Itaquaquecetuba, por meio do conselho municipal de Assist\u00eancia Social, promoveu na ter\u00e7a-feira, 12 a IV Confer\u00eancia Municipal de Assist\u00eancia Social- Comas com o tema \u201c Inova\u00e7\u00e3o do SUAS para erradica\u00e7\u00e3o da pobreza\u201d, ministrado pela palestrante Soraia Nasser. O evento contou com a presen\u00e7a do vice prefeito Adilson Achando, representando o prefeito Armando Tavares Filho, o Armando da Farm\u00e1cia, da secretaria municipal de promo\u00e7\u00e3o social Guiomar Soares Tavares, da presidente do conselho municipal de assist\u00eancia social \u2013 Comas M\u00e1rcia Brasil, da diretora da escola municipal Chiozo Kitakawa Isaura Maria Dias da Cruz e <\/p>\n","protected":false},"author":1,"featured_media":0,"comment_status":"open","ping_status":"open","sticky":false,"template":"","format":"standard","meta":[],"categories":[6],"tags":[14],"yoast_head":"<!-- This site is optimized with the Yoast SEO plugin v19.6.1 - https:\/\/yoast.com\/wordpress\/plugins\/seo\/ -->\n<title>Itaquaquecetuba realiza IV Confer\u00eancia Municipal de Assist\u00eancia Social - Encontra Itaquaquecetuba<\/title>\n<meta name=\"robots\" content=\"index, follow, max-snippet:-1, max-image-preview:large, max-video-preview:-1\" \/>\n<link rel=\"canonical\" href=\"https:\/\/www.encontraitaquaquecetuba.com.br\/sobre\/itaquaquecetuba-realiza-iv-conferencia-municipal-de-assistencia-social\/\" \/>\n<meta property=\"og:locale\" content=\"pt_BR\" \/>\n<meta property=\"og:type\" content=\"article\" \/>\n<meta property=\"og:title\" content=\"Itaquaquecetuba realiza IV Confer\u00eancia Municipal de Assist\u00eancia Social - Encontra Itaquaquecetuba\" \/>\n<meta property=\"og:description\" content=\"A Secretaria Municipal de Promo\u00e7\u00e3o Social da cidade Itaquaquecetuba, por meio do conselho municipal de Assist\u00eancia Social, promoveu na ter\u00e7a-feira, 12 a IV Confer\u00eancia Municipal de Assist\u00eancia Social- Comas com o tema \u201c Inova\u00e7\u00e3o do SUAS para erradica\u00e7\u00e3o da pobreza\u201d, ministrado pela palestrante Soraia Nasser. O evento contou com a presen\u00e7a do vice prefeito Adilson Achando, representando o prefeito Armando Tavares Filho, o Armando da Farm\u00e1cia, da secretaria municipal de promo\u00e7\u00e3o social Guiomar Soares Tavares, da presidente do conselho municipal de assist\u00eancia social \u2013 Comas M\u00e1rcia Brasil, da diretora da escola municipal Chiozo Kitakawa Isaura Maria Dias da Cruz e\" \/>\n<meta property=\"og:url\" content=\"https:\/\/www.encontraitaquaquecetuba.com.br\/sobre\/itaquaquecetuba-realiza-iv-conferencia-municipal-de-assistencia-social\/\" \/>\n<meta property=\"og:site_name\" content=\"Encontra Itaquaquecetuba\" \/>\n<meta property=\"article:published_time\" content=\"2011-07-14T21:53:37+00:00\" \/>\n<meta property=\"article:modified_time\" content=\"2021-09-13T15:22:13+00:00\" \/>\n<meta name=\"author\" content=\"Encontra Itaquaquecetuba\" \/>\n<meta name=\"twitter:card\" content=\"summary_large_image\" \/>\n<meta name=\"twitter:label1\" content=\"Escrito por\" \/>\n\t<meta name=\"twitter:data1\" content=\"Encontra Itaquaquecetuba\" \/>\n\t<meta name=\"twitter:label2\" content=\"Est. tempo de leitura\" \/>\n\t<meta name=\"twitter:data2\" content=\"1 minuto\" \/>\n<script type=\"application\/ld+json\" class=\"yoast-schema-graph\">{\"@context\":\"https:\/\/schema.org\",\"@graph\":[{\"@type\":\"WebPage\",\"@id\":\"https:\/\/www.encontraitaquaquecetuba.com.br\/sobre\/itaquaquecetuba-realiza-iv-conferencia-municipal-de-assistencia-social\/\",\"url\":\"https:\/\/www.encontraitaquaquecetuba.com.br\/sobre\/itaquaquecetuba-realiza-iv-conferencia-municipal-de-assistencia-social\/\",\"name\":\"Itaquaquecetuba realiza IV Confer\u00eancia Municipal de Assist\u00eancia Social - Encontra Itaquaquecetuba\",\"isPartOf\":{\"@id\":\"https:\/\/www.encontraitaquaquecetuba.com.br\/sobre\/#website\"},\"datePublished\":\"2011-07-14T21:53:37+00:00\",\"dateModified\":\"2021-09-13T15:22:13+00:00\",\"author\":{\"@id\":\"https:\/\/www.encontraitaquaquecetuba.com.br\/sobre\/#\/schema\/person\/a8a866dc746e447abf8ca22b02eae6ea\"},\"breadcrumb\":{\"@id\":\"https:\/\/www.encontraitaquaquecetuba.com.br\/sobre\/itaquaquecetuba-realiza-iv-conferencia-municipal-de-assistencia-social\/#breadcrumb\"},\"inLanguage\":\"pt-BR\",\"potentialAction\":[{\"@type\":\"ReadAction\",\"target\":[\"https:\/\/www.encontraitaquaquecetuba.com.br\/sobre\/itaquaquecetuba-realiza-iv-conferencia-municipal-de-assistencia-social\/\"]}]},{\"@type\":\"BreadcrumbList\",\"@id\":\"https:\/\/www.encontraitaquaquecetuba.com.br\/sobre\/itaquaquecetuba-realiza-iv-conferencia-municipal-de-assistencia-social\/#breadcrumb\",\"itemListElement\":[{\"@type\":\"ListItem\",\"position\":1,\"name\":\"In\u00edcio\",\"item\":\"https:\/\/www.encontraitaquaquecetuba.com.br\/sobre\/\"},{\"@type\":\"ListItem\",\"position\":2,\"name\":\"Itaquaquecetuba realiza IV Confer\u00eancia Municipal de Assist\u00eancia Social\"}]},{\"@type\":\"WebSite\",\"@id\":\"https:\/\/www.encontraitaquaquecetuba.com.br\/sobre\/#website\",\"url\":\"https:\/\/www.encontraitaquaquecetuba.com.br\/sobre\/\",\"name\":\"Encontra Itaquaquecetuba\",\"description\":\"Not\u00edcias, eventos, informa\u00e7\u00f5es e dicas na cidade de Itaquaquecetuba e regi\u00e3o\",\"potentialAction\":[{\"@type\":\"SearchAction\",\"target\":{\"@type\":\"EntryPoint\",\"urlTemplate\":\"https:\/\/www.encontraitaquaquecetuba.com.br\/sobre\/?s={search_term_string}\"},\"query-input\":\"required name=search_term_string\"}],\"inLanguage\":\"pt-BR\"},{\"@type\":\"Person\",\"@id\":\"https:\/\/www.encontraitaquaquecetuba.com.br\/sobre\/#\/schema\/person\/a8a866dc746e447abf8ca22b02eae6ea\",\"name\":\"Encontra Itaquaquecetuba\",\"image\":{\"@type\":\"ImageObject\",\"inLanguage\":\"pt-BR\",\"@id\":\"https:\/\/www.encontraitaquaquecetuba.com.br\/sobre\/#\/schema\/person\/image\/\",\"url\":\"https:\/\/secure.gravatar.com\/avatar\/f007732be0d27cbf8a336929fe922478?s=96&d=mm&r=g\",\"contentUrl\":\"https:\/\/secure.gravatar.com\/avatar\/f007732be0d27cbf8a336929fe922478?s=96&d=mm&r=g\",\"caption\":\"Encontra Itaquaquecetuba\"},\"sameAs\":[\"http:\/\/www.encontraitaquaquecetuba.com.br\"],\"url\":\"https:\/\/www.encontraitaquaquecetuba.com.br\/sobre\/author\/eitaquaquecetuba\/\"}]}<\/script>\n<!-- \/ Yoast SEO plugin. -->","yoast_head_json":{"title":"Itaquaquecetuba realiza IV Confer\u00eancia Municipal de Assist\u00eancia Social - Encontra Itaquaquecetuba","robots":{"index":"index","follow":"follow","max-snippet":"max-snippet:-1","max-image-preview":"max-image-preview:large","max-video-preview":"max-video-preview:-1"},"canonical":"https:\/\/www.encontraitaquaquecetuba.com.br\/sobre\/itaquaquecetuba-realiza-iv-conferencia-municipal-de-assistencia-social\/","og_locale":"pt_BR","og_type":"article","og_title":"Itaquaquecetuba realiza IV Confer\u00eancia Municipal de Assist\u00eancia Social - Encontra Itaquaquecetuba","og_description":"A Secretaria Municipal de Promo\u00e7\u00e3o Social da cidade Itaquaquecetuba, por meio do conselho municipal de Assist\u00eancia Social, promoveu na ter\u00e7a-feira, 12 a IV Confer\u00eancia Municipal de Assist\u00eancia Social- Comas com o tema \u201c Inova\u00e7\u00e3o do SUAS para erradica\u00e7\u00e3o da pobreza\u201d, ministrado pela palestrante Soraia Nasser. O evento contou com a presen\u00e7a do vice prefeito Adilson Achando, representando o prefeito Armando Tavares Filho, o Armando da Farm\u00e1cia, da secretaria municipal de promo\u00e7\u00e3o social Guiomar Soares Tavares, da presidente do conselho municipal de assist\u00eancia social \u2013 Comas M\u00e1rcia Brasil, da diretora da escola municipal Chiozo Kitakawa Isaura Maria Dias da Cruz e","og_url":"https:\/\/www.encontraitaquaquecetuba.com.br\/sobre\/itaquaquecetuba-realiza-iv-conferencia-municipal-de-assistencia-social\/","og_site_name":"Encontra Itaquaquecetuba","article_published_time":"2011-07-14T21:53:37+00:00","article_modified_time":"2021-09-13T15:22:13+00:00","author":"Encontra Itaquaquecetuba","twitter_card":"summary_large_image","twitter_misc":{"Escrito por":"Encontra Itaquaquecetuba","Est. tempo de leitura":"1 minuto"},"schema":{"@context":"https:\/\/schema.org","@graph":[{"@type":"WebPage","@id":"https:\/\/www.encontraitaquaquecetuba.com.br\/sobre\/itaquaquecetuba-realiza-iv-conferencia-municipal-de-assistencia-social\/","url":"https:\/\/www.encontraitaquaquecetuba.com.br\/sobre\/itaquaquecetuba-realiza-iv-conferencia-municipal-de-assistencia-social\/","name":"Itaquaquecetuba realiza IV Confer\u00eancia Municipal de Assist\u00eancia Social - Encontra Itaquaquecetuba","isPartOf":{"@id":"https:\/\/www.encontraitaquaquecetuba.com.br\/sobre\/#website"},"datePublished":"2011-07-14T21:53:37+00:00","dateModified":"2021-09-13T15:22:13+00:00","author":{"@id":"https:\/\/www.encontraitaquaquecetuba.com.br\/sobre\/#\/schema\/person\/a8a866dc746e447abf8ca22b02eae6ea"},"breadcrumb":{"@id":"https:\/\/www.encontraitaquaquecetuba.com.br\/sobre\/itaquaquecetuba-realiza-iv-conferencia-municipal-de-assistencia-social\/#breadcrumb"},"inLanguage":"pt-BR","potentialAction":[{"@type":"ReadAction","target":["https:\/\/www.encontraitaquaquecetuba.com.br\/sobre\/itaquaquecetuba-realiza-iv-conferencia-municipal-de-assistencia-social\/"]}]},{"@type":"BreadcrumbList","@id":"https:\/\/www.encontraitaquaquecetuba.com.br\/sobre\/itaquaquecetuba-realiza-iv-conferencia-municipal-de-assistencia-social\/#breadcrumb","itemListElement":[{"@type":"ListItem","position":1,"name":"In\u00edcio","item":"https:\/\/www.encontraitaquaquecetuba.com.br\/sobre\/"},{"@type":"ListItem","position":2,"name":"Itaquaquecetuba realiza IV Confer\u00eancia Municipal de Assist\u00eancia Social"}]},{"@type":"WebSite","@id":"https:\/\/www.encontraitaquaquecetuba.com.br\/sobre\/#website","url":"https:\/\/www.encontraitaquaquecetuba.com.br\/sobre\/","name":"Encontra Itaquaquecetuba","description":"Not\u00edcias, eventos, informa\u00e7\u00f5es e dicas na cidade de Itaquaquecetuba e regi\u00e3o","potentialAction":[{"@type":"SearchAction","target":{"@type":"EntryPoint","urlTemplate":"https:\/\/www.encontraitaquaquecetuba.com.br\/sobre\/?s={search_term_string}"},"query-input":"required name=search_term_string"}],"inLanguage":"pt-BR"},{"@type":"Person","@id":"https:\/\/www.encontraitaquaquecetuba.com.br\/sobre\/#\/schema\/person\/a8a866dc746e447abf8ca22b02eae6ea","name":"Encontra Itaquaquecetuba","image":{"@type":"ImageObject","inLanguage":"pt-BR","@id":"https:\/\/www.encontraitaquaquecetuba.com.br\/sobre\/#\/schema\/person\/image\/","url":"https:\/\/secure.gravatar.com\/avatar\/f007732be0d27cbf8a336929fe922478?s=96&d=mm&r=g","contentUrl":"https:\/\/secure.gravatar.com\/avatar\/f007732be0d27cbf8a336929fe922478?s=96&d=mm&r=g","caption":"Encontra Itaquaquecetuba"},"sameAs":["http:\/\/www.encontraitaquaquecetuba.com.br"],"url":"https:\/\/www.encontraitaquaquecetuba.com.br\/sobre\/author\/eitaquaquecetuba\/"}]}},"_links":{"self":[{"href":"https:\/\/www.encontraitaquaquecetuba.com.br\/sobre\/wp-json\/wp\/v2\/posts\/78"}],"collection":[{"href":"https:\/\/www.encontraitaquaquecetuba.com.br\/sobre\/wp-json\/wp\/v2\/posts"}],"about":[{"href":"https:\/\/www.encontraitaquaquecetuba.com.br\/sobre\/wp-json\/wp\/v2\/types\/post"}],"author":[{"embeddable":true,"href":"https:\/\/www.encontraitaquaquecetuba.com.br\/sobre\/wp-json\/wp\/v2\/users\/1"}],"replies":[{"embeddable":true,"href":"https:\/\/www.encontraitaquaquecetuba.com.br\/sobre\/wp-json\/wp\/v2\/comments?post=78"}],"version-history":[{"count":0,"href":"https:\/\/www.encontraitaquaquecetuba.com.br\/sobre\/wp-json\/wp\/v2\/posts\/78\/revisions"}],"wp:attachment":[{"href":"https:\/\/www.encontraitaquaquecetuba.com.br\/sobre\/wp-json\/wp\/v2\/media?parent=78"}],"wp:term":[{"taxonomy":"category","embeddable":true,"href":"https:\/\/www.encontraitaquaquecetuba.com.br\/sobre\/wp-json\/wp\/v2\/categories?post=78"},{"taxonomy":"post_tag","embeddable":true,"href":"https:\/\/www.encontraitaquaquecetuba.com.br\/sobre\/wp-json\/wp\/v2\/tags?post=78"}],"curies":[{"name":"wp","href":"https:\/\/api.w.org\/{rel}","templated":true}]}}