{"id":782,"date":"2012-09-27T21:34:42","date_gmt":"2012-09-27T21:34:42","guid":{"rendered":"http:\/\/www.encontraitaquaquecetuba.com.br\/noticias\/?p=782"},"modified":"2013-08-14T04:51:30","modified_gmt":"2013-08-14T04:51:30","slug":"exposicao-sobre-os-maias-vai-ate-o-dia-30-em-itaqua","status":"publish","type":"post","link":"https:\/\/www.encontraitaquaquecetuba.com.br\/sobre\/exposicao-sobre-os-maias-vai-ate-o-dia-30-em-itaqua\/","title":{"rendered":"Exposi\u00e7\u00e3o sobre os maias vai at\u00e9 o dia 30 em Itaqu\u00e1"},"content":{"rendered":"<div class=\"80eb2665678f8e3864bb9a528523815b\" data-index=\"1\" style=\"float: none; margin:5px 0 5px 0; text-align:center;\">\n<!-- PUB 73 - Responsivo Horizontal -->\r\n<ins class=\"adsbygoogle\"\r\n     style=\"display:block\"\r\n     data-ad-client=\"ca-pub-7321736592693252\"\r\n     data-ad-slot=\"3087950420\"\r\n     data-ad-format=\"auto\"\r\n     data-full-width-responsive=\"true\"><\/ins>\r\n<script>\r\n     (adsbygoogle = window.adsbygoogle || []).push({});\r\n<\/script>\n<\/div>\n<p>A mostra &#8220;Os maias &#8211; Civiliza\u00e7\u00e3o e Cultura na Am\u00e9rica Pr\u00e9-Colombiana&#8221;, que acontece no Museu Municipal, estar\u00e1 em cartaz s\u00f3 at\u00e9 o pr\u00f3ximo domingo (dia 30). A exposi\u00e7\u00e3o mostra os h\u00e1bitos culturais da civiliza\u00e7\u00e3o maia, abordando costumes, religi\u00e3o, arquitetura, vida cotidiana e pol\u00edtico-administrativa dessa antiga cultura. Realizada pela Prefeitura Municipal, atrav\u00e9s da Secretaria Municipal de Cultura e Turismo (SMCT), &#8220;a mostra tem o objetivo de resgatar a cultura dos povos que viveram no continente americano antes da chegada dos europeus&#8221;, lembra a coordenadora do museu, Rosangela Sousa.<\/p>\n<p>A civiliza\u00e7\u00e3o maia foi a que mais se destacou na Am\u00e9rica Central devido a suas grandes constru\u00e7\u00f5es em pedra, a arte refinada e avan\u00e7ados conhecimentos cient\u00edficos na \u00e1rea da Medicina e Astronomia, conhecimentos estes que permitiram a sua exist\u00eancia por s\u00e9culos. Elaborada e produzida pelo professor e artista pl\u00e1stico Eduardo Vilela, a mostra contou com a pesquisa do professor e doutor Maur\u00edcio Schneider na elabora\u00e7\u00e3o dos informativos did\u00e1ticos e, de Alex de F\u00e9lix, na pesquisa e elabora\u00e7\u00e3o das fichas explicativas.<\/p>\n<p>A convite do artista Eduardo Vilela, o professor Maur\u00edcio Schneider &#8211; historiador graduado pela Universidade Federal do Paran\u00e1 (UFPR) e doutor em Arqueologia pela Universidade de S\u00e3o Paulo (USP) &#8211; fez uma visita ao museu no \u00faltimo domingo (dia 23) e, ao conhecer o espa\u00e7o e o trabalho que vem sendo desenvolvido, parabenizou a <a href=\"http:\/\/www.encontraitaquaquecetuba.com.br\/itaquaquecetuba\/prefeitura-itaquaquecetuba.shtml\" target=\"_blank\">Prefeitura Municipal de Itaquaquecetuba<\/a> e a SMCT pela realiza\u00e7\u00e3o destas importantes a\u00e7\u00f5es educativo-culturais neste equipamento que vem cumprindo a sua principal miss\u00e3o: contribuir para o desenvolvimento s\u00f3cio-cultural de toda a popula\u00e7\u00e3o em geral. &#8220;Portanto, convido todos os mun\u00edcipes para que venham conhecer um pouco mais sobre esta fascinante civiliza\u00e7\u00e3o e descobrir a verdadeira previs\u00e3o dos maias para o dia 21 de dezembro de 2012&#8221;, afirma a coordenadora.<\/p>\n<p>Outra mostra que tamb\u00e9m est\u00e1 acontecendo no museu \u00e9 a intitulada &#8220;Itaquaquecetuba &#8211; 452 Anos de Hist\u00f3ria e Mem\u00f3rias&#8221; que foi elaborada especialmente em comemora\u00e7\u00e3o ao 452\u00ba anivers\u00e1rio da cidade celebrado neste m\u00eas e que vai permanecer at\u00e9 o dia 30 de outubro. O Museu Municipal de Itaquaquecetuba funciona de ter\u00e7a \u00e0 sexta-feira, das 8h \u00e0s 17h; e s\u00e1bados, domingos e feriados, das 10h \u00e0s 17h. Ele fica na <a href=\"http:\/\/www.encontraitaquaquecetuba.com.br\/itaquaquecetuba\/praca-joao-alvares-itaquaquecetuba.shtml\" target=\"_blank\">Pra\u00e7a Padre Jo\u00e3o \u00c1lvares<\/a>, 49, Centro.<\/p>\n<p><em>Fonte:Prefeitura Municipal de Itaquaquecetuba<\/em><\/p>\n\n<div style=\"font-size: 0px; height: 0px; line-height: 0px; margin: 0; padding: 0; clear: both;\"><\/div>","protected":false},"excerpt":{"rendered":"<p>A mostra &#8220;Os maias &#8211; Civiliza\u00e7\u00e3o e Cultura na Am\u00e9rica Pr\u00e9-Colombiana&#8221;, que acontece no Museu Municipal, estar\u00e1 em cartaz s\u00f3 at\u00e9 o pr\u00f3ximo domingo (dia 30). A exposi\u00e7\u00e3o mostra os h\u00e1bitos culturais da civiliza\u00e7\u00e3o maia, abordando costumes, religi\u00e3o, arquitetura, vida cotidiana e pol\u00edtico-administrativa dessa antiga cultura. Realizada pela Prefeitura Municipal, atrav\u00e9s da Secretaria Municipal de Cultura e Turismo (SMCT), &#8220;a mostra tem o objetivo de resgatar a cultura dos povos que viveram no continente americano antes da chegada dos europeus&#8221;, lembra a coordenadora do museu, Rosangela Sousa. A civiliza\u00e7\u00e3o maia foi a que mais se destacou na Am\u00e9rica Central devido <\/p>\n","protected":false},"author":1,"featured_media":0,"comment_status":"open","ping_status":"open","sticky":false,"template":"","format":"standard","meta":[],"categories":[6],"tags":[14],"yoast_head":"<!-- This site is optimized with the Yoast SEO plugin v19.6.1 - https:\/\/yoast.com\/wordpress\/plugins\/seo\/ -->\n<title>Exposi\u00e7\u00e3o sobre os maias vai at\u00e9 o dia 30 em Itaqu\u00e1 - Encontra Itaquaquecetuba<\/title>\n<meta name=\"robots\" content=\"index, follow, max-snippet:-1, max-image-preview:large, max-video-preview:-1\" \/>\n<link rel=\"canonical\" href=\"https:\/\/www.encontraitaquaquecetuba.com.br\/sobre\/exposicao-sobre-os-maias-vai-ate-o-dia-30-em-itaqua\/\" \/>\n<meta property=\"og:locale\" content=\"pt_BR\" \/>\n<meta property=\"og:type\" content=\"article\" \/>\n<meta property=\"og:title\" content=\"Exposi\u00e7\u00e3o sobre os maias vai at\u00e9 o dia 30 em Itaqu\u00e1 - Encontra Itaquaquecetuba\" \/>\n<meta property=\"og:description\" content=\"A mostra &#8220;Os maias &#8211; Civiliza\u00e7\u00e3o e Cultura na Am\u00e9rica Pr\u00e9-Colombiana&#8221;, que acontece no Museu Municipal, estar\u00e1 em cartaz s\u00f3 at\u00e9 o pr\u00f3ximo domingo (dia 30). A exposi\u00e7\u00e3o mostra os h\u00e1bitos culturais da civiliza\u00e7\u00e3o maia, abordando costumes, religi\u00e3o, arquitetura, vida cotidiana e pol\u00edtico-administrativa dessa antiga cultura. Realizada pela Prefeitura Municipal, atrav\u00e9s da Secretaria Municipal de Cultura e Turismo (SMCT), &#8220;a mostra tem o objetivo de resgatar a cultura dos povos que viveram no continente americano antes da chegada dos europeus&#8221;, lembra a coordenadora do museu, Rosangela Sousa. A civiliza\u00e7\u00e3o maia foi a que mais se destacou na Am\u00e9rica Central devido\" \/>\n<meta property=\"og:url\" content=\"https:\/\/www.encontraitaquaquecetuba.com.br\/sobre\/exposicao-sobre-os-maias-vai-ate-o-dia-30-em-itaqua\/\" \/>\n<meta property=\"og:site_name\" content=\"Encontra Itaquaquecetuba\" \/>\n<meta property=\"article:published_time\" content=\"2012-09-27T21:34:42+00:00\" \/>\n<meta property=\"article:modified_time\" content=\"2013-08-14T04:51:30+00:00\" \/>\n<meta name=\"author\" content=\"Encontra Itaquaquecetuba\" \/>\n<meta name=\"twitter:card\" content=\"summary_large_image\" \/>\n<meta name=\"twitter:label1\" content=\"Escrito por\" \/>\n\t<meta name=\"twitter:data1\" content=\"Encontra Itaquaquecetuba\" \/>\n\t<meta name=\"twitter:label2\" content=\"Est. tempo de leitura\" \/>\n\t<meta name=\"twitter:data2\" content=\"2 minutos\" \/>\n<script type=\"application\/ld+json\" class=\"yoast-schema-graph\">{\"@context\":\"https:\/\/schema.org\",\"@graph\":[{\"@type\":\"WebPage\",\"@id\":\"https:\/\/www.encontraitaquaquecetuba.com.br\/sobre\/exposicao-sobre-os-maias-vai-ate-o-dia-30-em-itaqua\/\",\"url\":\"https:\/\/www.encontraitaquaquecetuba.com.br\/sobre\/exposicao-sobre-os-maias-vai-ate-o-dia-30-em-itaqua\/\",\"name\":\"Exposi\u00e7\u00e3o sobre os maias vai at\u00e9 o dia 30 em Itaqu\u00e1 - Encontra Itaquaquecetuba\",\"isPartOf\":{\"@id\":\"https:\/\/www.encontraitaquaquecetuba.com.br\/sobre\/#website\"},\"datePublished\":\"2012-09-27T21:34:42+00:00\",\"dateModified\":\"2013-08-14T04:51:30+00:00\",\"author\":{\"@id\":\"https:\/\/www.encontraitaquaquecetuba.com.br\/sobre\/#\/schema\/person\/a8a866dc746e447abf8ca22b02eae6ea\"},\"breadcrumb\":{\"@id\":\"https:\/\/www.encontraitaquaquecetuba.com.br\/sobre\/exposicao-sobre-os-maias-vai-ate-o-dia-30-em-itaqua\/#breadcrumb\"},\"inLanguage\":\"pt-BR\",\"potentialAction\":[{\"@type\":\"ReadAction\",\"target\":[\"https:\/\/www.encontraitaquaquecetuba.com.br\/sobre\/exposicao-sobre-os-maias-vai-ate-o-dia-30-em-itaqua\/\"]}]},{\"@type\":\"BreadcrumbList\",\"@id\":\"https:\/\/www.encontraitaquaquecetuba.com.br\/sobre\/exposicao-sobre-os-maias-vai-ate-o-dia-30-em-itaqua\/#breadcrumb\",\"itemListElement\":[{\"@type\":\"ListItem\",\"position\":1,\"name\":\"In\u00edcio\",\"item\":\"https:\/\/www.encontraitaquaquecetuba.com.br\/sobre\/\"},{\"@type\":\"ListItem\",\"position\":2,\"name\":\"Exposi\u00e7\u00e3o sobre os maias vai at\u00e9 o dia 30 em Itaqu\u00e1\"}]},{\"@type\":\"WebSite\",\"@id\":\"https:\/\/www.encontraitaquaquecetuba.com.br\/sobre\/#website\",\"url\":\"https:\/\/www.encontraitaquaquecetuba.com.br\/sobre\/\",\"name\":\"Encontra Itaquaquecetuba\",\"description\":\"Not\u00edcias, eventos, informa\u00e7\u00f5es e dicas na cidade de Itaquaquecetuba e regi\u00e3o\",\"potentialAction\":[{\"@type\":\"SearchAction\",\"target\":{\"@type\":\"EntryPoint\",\"urlTemplate\":\"https:\/\/www.encontraitaquaquecetuba.com.br\/sobre\/?s={search_term_string}\"},\"query-input\":\"required name=search_term_string\"}],\"inLanguage\":\"pt-BR\"},{\"@type\":\"Person\",\"@id\":\"https:\/\/www.encontraitaquaquecetuba.com.br\/sobre\/#\/schema\/person\/a8a866dc746e447abf8ca22b02eae6ea\",\"name\":\"Encontra Itaquaquecetuba\",\"image\":{\"@type\":\"ImageObject\",\"inLanguage\":\"pt-BR\",\"@id\":\"https:\/\/www.encontraitaquaquecetuba.com.br\/sobre\/#\/schema\/person\/image\/\",\"url\":\"https:\/\/secure.gravatar.com\/avatar\/f007732be0d27cbf8a336929fe922478?s=96&d=mm&r=g\",\"contentUrl\":\"https:\/\/secure.gravatar.com\/avatar\/f007732be0d27cbf8a336929fe922478?s=96&d=mm&r=g\",\"caption\":\"Encontra Itaquaquecetuba\"},\"sameAs\":[\"http:\/\/www.encontraitaquaquecetuba.com.br\"],\"url\":\"https:\/\/www.encontraitaquaquecetuba.com.br\/sobre\/author\/eitaquaquecetuba\/\"}]}<\/script>\n<!-- \/ Yoast SEO plugin. -->","yoast_head_json":{"title":"Exposi\u00e7\u00e3o sobre os maias vai at\u00e9 o dia 30 em Itaqu\u00e1 - Encontra Itaquaquecetuba","robots":{"index":"index","follow":"follow","max-snippet":"max-snippet:-1","max-image-preview":"max-image-preview:large","max-video-preview":"max-video-preview:-1"},"canonical":"https:\/\/www.encontraitaquaquecetuba.com.br\/sobre\/exposicao-sobre-os-maias-vai-ate-o-dia-30-em-itaqua\/","og_locale":"pt_BR","og_type":"article","og_title":"Exposi\u00e7\u00e3o sobre os maias vai at\u00e9 o dia 30 em Itaqu\u00e1 - Encontra Itaquaquecetuba","og_description":"A mostra &#8220;Os maias &#8211; Civiliza\u00e7\u00e3o e Cultura na Am\u00e9rica Pr\u00e9-Colombiana&#8221;, que acontece no Museu Municipal, estar\u00e1 em cartaz s\u00f3 at\u00e9 o pr\u00f3ximo domingo (dia 30). A exposi\u00e7\u00e3o mostra os h\u00e1bitos culturais da civiliza\u00e7\u00e3o maia, abordando costumes, religi\u00e3o, arquitetura, vida cotidiana e pol\u00edtico-administrativa dessa antiga cultura. Realizada pela Prefeitura Municipal, atrav\u00e9s da Secretaria Municipal de Cultura e Turismo (SMCT), &#8220;a mostra tem o objetivo de resgatar a cultura dos povos que viveram no continente americano antes da chegada dos europeus&#8221;, lembra a coordenadora do museu, Rosangela Sousa. A civiliza\u00e7\u00e3o maia foi a que mais se destacou na Am\u00e9rica Central devido","og_url":"https:\/\/www.encontraitaquaquecetuba.com.br\/sobre\/exposicao-sobre-os-maias-vai-ate-o-dia-30-em-itaqua\/","og_site_name":"Encontra Itaquaquecetuba","article_published_time":"2012-09-27T21:34:42+00:00","article_modified_time":"2013-08-14T04:51:30+00:00","author":"Encontra Itaquaquecetuba","twitter_card":"summary_large_image","twitter_misc":{"Escrito por":"Encontra Itaquaquecetuba","Est. tempo de leitura":"2 minutos"},"schema":{"@context":"https:\/\/schema.org","@graph":[{"@type":"WebPage","@id":"https:\/\/www.encontraitaquaquecetuba.com.br\/sobre\/exposicao-sobre-os-maias-vai-ate-o-dia-30-em-itaqua\/","url":"https:\/\/www.encontraitaquaquecetuba.com.br\/sobre\/exposicao-sobre-os-maias-vai-ate-o-dia-30-em-itaqua\/","name":"Exposi\u00e7\u00e3o sobre os maias vai at\u00e9 o dia 30 em Itaqu\u00e1 - Encontra Itaquaquecetuba","isPartOf":{"@id":"https:\/\/www.encontraitaquaquecetuba.com.br\/sobre\/#website"},"datePublished":"2012-09-27T21:34:42+00:00","dateModified":"2013-08-14T04:51:30+00:00","author":{"@id":"https:\/\/www.encontraitaquaquecetuba.com.br\/sobre\/#\/schema\/person\/a8a866dc746e447abf8ca22b02eae6ea"},"breadcrumb":{"@id":"https:\/\/www.encontraitaquaquecetuba.com.br\/sobre\/exposicao-sobre-os-maias-vai-ate-o-dia-30-em-itaqua\/#breadcrumb"},"inLanguage":"pt-BR","potentialAction":[{"@type":"ReadAction","target":["https:\/\/www.encontraitaquaquecetuba.com.br\/sobre\/exposicao-sobre-os-maias-vai-ate-o-dia-30-em-itaqua\/"]}]},{"@type":"BreadcrumbList","@id":"https:\/\/www.encontraitaquaquecetuba.com.br\/sobre\/exposicao-sobre-os-maias-vai-ate-o-dia-30-em-itaqua\/#breadcrumb","itemListElement":[{"@type":"ListItem","position":1,"name":"In\u00edcio","item":"https:\/\/www.encontraitaquaquecetuba.com.br\/sobre\/"},{"@type":"ListItem","position":2,"name":"Exposi\u00e7\u00e3o sobre os maias vai at\u00e9 o dia 30 em Itaqu\u00e1"}]},{"@type":"WebSite","@id":"https:\/\/www.encontraitaquaquecetuba.com.br\/sobre\/#website","url":"https:\/\/www.encontraitaquaquecetuba.com.br\/sobre\/","name":"Encontra Itaquaquecetuba","description":"Not\u00edcias, eventos, informa\u00e7\u00f5es e dicas na cidade de Itaquaquecetuba e regi\u00e3o","potentialAction":[{"@type":"SearchAction","target":{"@type":"EntryPoint","urlTemplate":"https:\/\/www.encontraitaquaquecetuba.com.br\/sobre\/?s={search_term_string}"},"query-input":"required name=search_term_string"}],"inLanguage":"pt-BR"},{"@type":"Person","@id":"https:\/\/www.encontraitaquaquecetuba.com.br\/sobre\/#\/schema\/person\/a8a866dc746e447abf8ca22b02eae6ea","name":"Encontra Itaquaquecetuba","image":{"@type":"ImageObject","inLanguage":"pt-BR","@id":"https:\/\/www.encontraitaquaquecetuba.com.br\/sobre\/#\/schema\/person\/image\/","url":"https:\/\/secure.gravatar.com\/avatar\/f007732be0d27cbf8a336929fe922478?s=96&d=mm&r=g","contentUrl":"https:\/\/secure.gravatar.com\/avatar\/f007732be0d27cbf8a336929fe922478?s=96&d=mm&r=g","caption":"Encontra Itaquaquecetuba"},"sameAs":["http:\/\/www.encontraitaquaquecetuba.com.br"],"url":"https:\/\/www.encontraitaquaquecetuba.com.br\/sobre\/author\/eitaquaquecetuba\/"}]}},"_links":{"self":[{"href":"https:\/\/www.encontraitaquaquecetuba.com.br\/sobre\/wp-json\/wp\/v2\/posts\/782"}],"collection":[{"href":"https:\/\/www.encontraitaquaquecetuba.com.br\/sobre\/wp-json\/wp\/v2\/posts"}],"about":[{"href":"https:\/\/www.encontraitaquaquecetuba.com.br\/sobre\/wp-json\/wp\/v2\/types\/post"}],"author":[{"embeddable":true,"href":"https:\/\/www.encontraitaquaquecetuba.com.br\/sobre\/wp-json\/wp\/v2\/users\/1"}],"replies":[{"embeddable":true,"href":"https:\/\/www.encontraitaquaquecetuba.com.br\/sobre\/wp-json\/wp\/v2\/comments?post=782"}],"version-history":[{"count":0,"href":"https:\/\/www.encontraitaquaquecetuba.com.br\/sobre\/wp-json\/wp\/v2\/posts\/782\/revisions"}],"wp:attachment":[{"href":"https:\/\/www.encontraitaquaquecetuba.com.br\/sobre\/wp-json\/wp\/v2\/media?parent=782"}],"wp:term":[{"taxonomy":"category","embeddable":true,"href":"https:\/\/www.encontraitaquaquecetuba.com.br\/sobre\/wp-json\/wp\/v2\/categories?post=782"},{"taxonomy":"post_tag","embeddable":true,"href":"https:\/\/www.encontraitaquaquecetuba.com.br\/sobre\/wp-json\/wp\/v2\/tags?post=782"}],"curies":[{"name":"wp","href":"https:\/\/api.w.org\/{rel}","templated":true}]}}