{"id":903,"date":"2012-12-27T01:23:20","date_gmt":"2012-12-27T01:23:20","guid":{"rendered":"http:\/\/www.encontraitaquaquecetuba.com.br\/noticias\/?p=903"},"modified":"2013-08-14T04:51:06","modified_gmt":"2013-08-14T04:51:06","slug":"camera-de-monitoramento-flagra-furto-de-carro-em-itaquaquecetuba","status":"publish","type":"post","link":"https:\/\/www.encontraitaquaquecetuba.com.br\/sobre\/camera-de-monitoramento-flagra-furto-de-carro-em-itaquaquecetuba\/","title":{"rendered":"C\u00e2mera de monitoramento flagra furto de carro em Itaquaquecetuba"},"content":{"rendered":"<div class=\"80eb2665678f8e3864bb9a528523815b\" data-index=\"1\" style=\"float: none; margin:5px 0 5px 0; text-align:center;\">\n<!-- PUB 73 - Responsivo Horizontal -->\r\n<ins class=\"adsbygoogle\"\r\n     style=\"display:block\"\r\n     data-ad-client=\"ca-pub-7321736592693252\"\r\n     data-ad-slot=\"3087950420\"\r\n     data-ad-format=\"auto\"\r\n     data-full-width-responsive=\"true\"><\/ins>\r\n<script>\r\n     (adsbygoogle = window.adsbygoogle || []).push({});\r\n<\/script>\n<\/div>\n<p>A Pol\u00edcia Civil de Itaquaquecetuba, na regi\u00e3o Metropolitana de S\u00e3o Paulo, j\u00e1 est\u00e1 com as imagens de um furto de ve\u00edculo ocorrido h\u00e1 cerca de uma semana na cidade. A filmagem mostra um suspeito levando um carro que estava estacionado no centro do munic\u00edpio. A a\u00e7\u00e3o dura poucos segundos. O crime ocorreu perto da delegacia.<\/p>\n<p>&#8220;Eu fiquei muito assustada com isso tudo. Os moradores que vivem por ali dizem que furto de carros \u00e9 constante naquele lugar&#8221;, diz a dona do ve\u00edculo levado, que preferiu n\u00e3o se identificar. O crime aconteceu \u00e0s 10h. A v\u00edtima tinha ido fazer compras de Natal. O flagrante foi captado por uma c\u00e2mera de monitoramento de um estabelecimento comercial.<\/p>\n<p>De acordo com dados da Secretaria de Seguran\u00e7a, este tipo de crime registrou aumento na cidade.\u00a0 Em 2011, Itaquaquecetuba teve 545 casos de roubo de ve\u00edculos registrados. No mesmo per\u00eddo deste ano, este n\u00famero saltou para 728: um aumento de 8%.<\/p>\n<p>Por conta disso, algumas pessoas come\u00e7am a tomar mais cuidado na hora de estacionar. &#8220;Eu costumo parar o carro perto de onde eu tenho que ir. E fico ausente por pouco tempo, no m\u00e1ximo 30 minutos&#8221;, diz o analista financeiro, Wellington do Carmo.<\/p>\n<p><em>Fonte: G1<\/em><\/p>\n\n<div style=\"font-size: 0px; height: 0px; line-height: 0px; margin: 0; padding: 0; clear: both;\"><\/div>","protected":false},"excerpt":{"rendered":"<p>A Pol\u00edcia Civil de Itaquaquecetuba, na regi\u00e3o Metropolitana de S\u00e3o Paulo, j\u00e1 est\u00e1 com as imagens de um furto de ve\u00edculo ocorrido h\u00e1 cerca de uma semana na cidade. A filmagem mostra um suspeito levando um carro que estava estacionado no centro do munic\u00edpio. A a\u00e7\u00e3o dura poucos segundos. O crime ocorreu perto da delegacia. &#8220;Eu fiquei muito assustada com isso tudo. Os moradores que vivem por ali dizem que furto de carros \u00e9 constante naquele lugar&#8221;, diz a dona do ve\u00edculo levado, que preferiu n\u00e3o se identificar. O crime aconteceu \u00e0s 10h. A v\u00edtima tinha ido fazer compras de <\/p>\n","protected":false},"author":1,"featured_media":0,"comment_status":"open","ping_status":"open","sticky":false,"template":"","format":"standard","meta":[],"categories":[6],"tags":[],"yoast_head":"<!-- This site is optimized with the Yoast SEO plugin v19.6.1 - https:\/\/yoast.com\/wordpress\/plugins\/seo\/ -->\n<title>C\u00e2mera de monitoramento flagra furto de carro em Itaquaquecetuba - Encontra Itaquaquecetuba<\/title>\n<meta name=\"robots\" content=\"index, follow, max-snippet:-1, max-image-preview:large, max-video-preview:-1\" \/>\n<link rel=\"canonical\" href=\"https:\/\/www.encontraitaquaquecetuba.com.br\/sobre\/camera-de-monitoramento-flagra-furto-de-carro-em-itaquaquecetuba\/\" \/>\n<meta property=\"og:locale\" content=\"pt_BR\" \/>\n<meta property=\"og:type\" content=\"article\" \/>\n<meta property=\"og:title\" content=\"C\u00e2mera de monitoramento flagra furto de carro em Itaquaquecetuba - Encontra Itaquaquecetuba\" \/>\n<meta property=\"og:description\" content=\"A Pol\u00edcia Civil de Itaquaquecetuba, na regi\u00e3o Metropolitana de S\u00e3o Paulo, j\u00e1 est\u00e1 com as imagens de um furto de ve\u00edculo ocorrido h\u00e1 cerca de uma semana na cidade. A filmagem mostra um suspeito levando um carro que estava estacionado no centro do munic\u00edpio. A a\u00e7\u00e3o dura poucos segundos. O crime ocorreu perto da delegacia. &#8220;Eu fiquei muito assustada com isso tudo. Os moradores que vivem por ali dizem que furto de carros \u00e9 constante naquele lugar&#8221;, diz a dona do ve\u00edculo levado, que preferiu n\u00e3o se identificar. O crime aconteceu \u00e0s 10h. A v\u00edtima tinha ido fazer compras de\" \/>\n<meta property=\"og:url\" content=\"https:\/\/www.encontraitaquaquecetuba.com.br\/sobre\/camera-de-monitoramento-flagra-furto-de-carro-em-itaquaquecetuba\/\" \/>\n<meta property=\"og:site_name\" content=\"Encontra Itaquaquecetuba\" \/>\n<meta property=\"article:published_time\" content=\"2012-12-27T01:23:20+00:00\" \/>\n<meta property=\"article:modified_time\" content=\"2013-08-14T04:51:06+00:00\" \/>\n<meta name=\"author\" content=\"Encontra Itaquaquecetuba\" \/>\n<meta name=\"twitter:card\" content=\"summary_large_image\" \/>\n<meta name=\"twitter:label1\" content=\"Escrito por\" \/>\n\t<meta name=\"twitter:data1\" content=\"Encontra Itaquaquecetuba\" \/>\n\t<meta name=\"twitter:label2\" content=\"Est. tempo de leitura\" \/>\n\t<meta name=\"twitter:data2\" content=\"1 minuto\" \/>\n<script type=\"application\/ld+json\" class=\"yoast-schema-graph\">{\"@context\":\"https:\/\/schema.org\",\"@graph\":[{\"@type\":\"WebPage\",\"@id\":\"https:\/\/www.encontraitaquaquecetuba.com.br\/sobre\/camera-de-monitoramento-flagra-furto-de-carro-em-itaquaquecetuba\/\",\"url\":\"https:\/\/www.encontraitaquaquecetuba.com.br\/sobre\/camera-de-monitoramento-flagra-furto-de-carro-em-itaquaquecetuba\/\",\"name\":\"C\u00e2mera de monitoramento flagra furto de carro em Itaquaquecetuba - Encontra Itaquaquecetuba\",\"isPartOf\":{\"@id\":\"https:\/\/www.encontraitaquaquecetuba.com.br\/sobre\/#website\"},\"datePublished\":\"2012-12-27T01:23:20+00:00\",\"dateModified\":\"2013-08-14T04:51:06+00:00\",\"author\":{\"@id\":\"https:\/\/www.encontraitaquaquecetuba.com.br\/sobre\/#\/schema\/person\/a8a866dc746e447abf8ca22b02eae6ea\"},\"breadcrumb\":{\"@id\":\"https:\/\/www.encontraitaquaquecetuba.com.br\/sobre\/camera-de-monitoramento-flagra-furto-de-carro-em-itaquaquecetuba\/#breadcrumb\"},\"inLanguage\":\"pt-BR\",\"potentialAction\":[{\"@type\":\"ReadAction\",\"target\":[\"https:\/\/www.encontraitaquaquecetuba.com.br\/sobre\/camera-de-monitoramento-flagra-furto-de-carro-em-itaquaquecetuba\/\"]}]},{\"@type\":\"BreadcrumbList\",\"@id\":\"https:\/\/www.encontraitaquaquecetuba.com.br\/sobre\/camera-de-monitoramento-flagra-furto-de-carro-em-itaquaquecetuba\/#breadcrumb\",\"itemListElement\":[{\"@type\":\"ListItem\",\"position\":1,\"name\":\"In\u00edcio\",\"item\":\"https:\/\/www.encontraitaquaquecetuba.com.br\/sobre\/\"},{\"@type\":\"ListItem\",\"position\":2,\"name\":\"C\u00e2mera de monitoramento flagra furto de carro em Itaquaquecetuba\"}]},{\"@type\":\"WebSite\",\"@id\":\"https:\/\/www.encontraitaquaquecetuba.com.br\/sobre\/#website\",\"url\":\"https:\/\/www.encontraitaquaquecetuba.com.br\/sobre\/\",\"name\":\"Encontra Itaquaquecetuba\",\"description\":\"Not\u00edcias, eventos, informa\u00e7\u00f5es e dicas na cidade de Itaquaquecetuba e regi\u00e3o\",\"potentialAction\":[{\"@type\":\"SearchAction\",\"target\":{\"@type\":\"EntryPoint\",\"urlTemplate\":\"https:\/\/www.encontraitaquaquecetuba.com.br\/sobre\/?s={search_term_string}\"},\"query-input\":\"required name=search_term_string\"}],\"inLanguage\":\"pt-BR\"},{\"@type\":\"Person\",\"@id\":\"https:\/\/www.encontraitaquaquecetuba.com.br\/sobre\/#\/schema\/person\/a8a866dc746e447abf8ca22b02eae6ea\",\"name\":\"Encontra Itaquaquecetuba\",\"image\":{\"@type\":\"ImageObject\",\"inLanguage\":\"pt-BR\",\"@id\":\"https:\/\/www.encontraitaquaquecetuba.com.br\/sobre\/#\/schema\/person\/image\/\",\"url\":\"https:\/\/secure.gravatar.com\/avatar\/f007732be0d27cbf8a336929fe922478?s=96&d=mm&r=g\",\"contentUrl\":\"https:\/\/secure.gravatar.com\/avatar\/f007732be0d27cbf8a336929fe922478?s=96&d=mm&r=g\",\"caption\":\"Encontra Itaquaquecetuba\"},\"sameAs\":[\"http:\/\/www.encontraitaquaquecetuba.com.br\"],\"url\":\"https:\/\/www.encontraitaquaquecetuba.com.br\/sobre\/author\/eitaquaquecetuba\/\"}]}<\/script>\n<!-- \/ Yoast SEO plugin. -->","yoast_head_json":{"title":"C\u00e2mera de monitoramento flagra furto de carro em Itaquaquecetuba - Encontra Itaquaquecetuba","robots":{"index":"index","follow":"follow","max-snippet":"max-snippet:-1","max-image-preview":"max-image-preview:large","max-video-preview":"max-video-preview:-1"},"canonical":"https:\/\/www.encontraitaquaquecetuba.com.br\/sobre\/camera-de-monitoramento-flagra-furto-de-carro-em-itaquaquecetuba\/","og_locale":"pt_BR","og_type":"article","og_title":"C\u00e2mera de monitoramento flagra furto de carro em Itaquaquecetuba - Encontra Itaquaquecetuba","og_description":"A Pol\u00edcia Civil de Itaquaquecetuba, na regi\u00e3o Metropolitana de S\u00e3o Paulo, j\u00e1 est\u00e1 com as imagens de um furto de ve\u00edculo ocorrido h\u00e1 cerca de uma semana na cidade. A filmagem mostra um suspeito levando um carro que estava estacionado no centro do munic\u00edpio. A a\u00e7\u00e3o dura poucos segundos. O crime ocorreu perto da delegacia. &#8220;Eu fiquei muito assustada com isso tudo. Os moradores que vivem por ali dizem que furto de carros \u00e9 constante naquele lugar&#8221;, diz a dona do ve\u00edculo levado, que preferiu n\u00e3o se identificar. O crime aconteceu \u00e0s 10h. A v\u00edtima tinha ido fazer compras de","og_url":"https:\/\/www.encontraitaquaquecetuba.com.br\/sobre\/camera-de-monitoramento-flagra-furto-de-carro-em-itaquaquecetuba\/","og_site_name":"Encontra Itaquaquecetuba","article_published_time":"2012-12-27T01:23:20+00:00","article_modified_time":"2013-08-14T04:51:06+00:00","author":"Encontra Itaquaquecetuba","twitter_card":"summary_large_image","twitter_misc":{"Escrito por":"Encontra Itaquaquecetuba","Est. tempo de leitura":"1 minuto"},"schema":{"@context":"https:\/\/schema.org","@graph":[{"@type":"WebPage","@id":"https:\/\/www.encontraitaquaquecetuba.com.br\/sobre\/camera-de-monitoramento-flagra-furto-de-carro-em-itaquaquecetuba\/","url":"https:\/\/www.encontraitaquaquecetuba.com.br\/sobre\/camera-de-monitoramento-flagra-furto-de-carro-em-itaquaquecetuba\/","name":"C\u00e2mera de monitoramento flagra furto de carro em Itaquaquecetuba - Encontra Itaquaquecetuba","isPartOf":{"@id":"https:\/\/www.encontraitaquaquecetuba.com.br\/sobre\/#website"},"datePublished":"2012-12-27T01:23:20+00:00","dateModified":"2013-08-14T04:51:06+00:00","author":{"@id":"https:\/\/www.encontraitaquaquecetuba.com.br\/sobre\/#\/schema\/person\/a8a866dc746e447abf8ca22b02eae6ea"},"breadcrumb":{"@id":"https:\/\/www.encontraitaquaquecetuba.com.br\/sobre\/camera-de-monitoramento-flagra-furto-de-carro-em-itaquaquecetuba\/#breadcrumb"},"inLanguage":"pt-BR","potentialAction":[{"@type":"ReadAction","target":["https:\/\/www.encontraitaquaquecetuba.com.br\/sobre\/camera-de-monitoramento-flagra-furto-de-carro-em-itaquaquecetuba\/"]}]},{"@type":"BreadcrumbList","@id":"https:\/\/www.encontraitaquaquecetuba.com.br\/sobre\/camera-de-monitoramento-flagra-furto-de-carro-em-itaquaquecetuba\/#breadcrumb","itemListElement":[{"@type":"ListItem","position":1,"name":"In\u00edcio","item":"https:\/\/www.encontraitaquaquecetuba.com.br\/sobre\/"},{"@type":"ListItem","position":2,"name":"C\u00e2mera de monitoramento flagra furto de carro em Itaquaquecetuba"}]},{"@type":"WebSite","@id":"https:\/\/www.encontraitaquaquecetuba.com.br\/sobre\/#website","url":"https:\/\/www.encontraitaquaquecetuba.com.br\/sobre\/","name":"Encontra Itaquaquecetuba","description":"Not\u00edcias, eventos, informa\u00e7\u00f5es e dicas na cidade de Itaquaquecetuba e regi\u00e3o","potentialAction":[{"@type":"SearchAction","target":{"@type":"EntryPoint","urlTemplate":"https:\/\/www.encontraitaquaquecetuba.com.br\/sobre\/?s={search_term_string}"},"query-input":"required name=search_term_string"}],"inLanguage":"pt-BR"},{"@type":"Person","@id":"https:\/\/www.encontraitaquaquecetuba.com.br\/sobre\/#\/schema\/person\/a8a866dc746e447abf8ca22b02eae6ea","name":"Encontra Itaquaquecetuba","image":{"@type":"ImageObject","inLanguage":"pt-BR","@id":"https:\/\/www.encontraitaquaquecetuba.com.br\/sobre\/#\/schema\/person\/image\/","url":"https:\/\/secure.gravatar.com\/avatar\/f007732be0d27cbf8a336929fe922478?s=96&d=mm&r=g","contentUrl":"https:\/\/secure.gravatar.com\/avatar\/f007732be0d27cbf8a336929fe922478?s=96&d=mm&r=g","caption":"Encontra Itaquaquecetuba"},"sameAs":["http:\/\/www.encontraitaquaquecetuba.com.br"],"url":"https:\/\/www.encontraitaquaquecetuba.com.br\/sobre\/author\/eitaquaquecetuba\/"}]}},"_links":{"self":[{"href":"https:\/\/www.encontraitaquaquecetuba.com.br\/sobre\/wp-json\/wp\/v2\/posts\/903"}],"collection":[{"href":"https:\/\/www.encontraitaquaquecetuba.com.br\/sobre\/wp-json\/wp\/v2\/posts"}],"about":[{"href":"https:\/\/www.encontraitaquaquecetuba.com.br\/sobre\/wp-json\/wp\/v2\/types\/post"}],"author":[{"embeddable":true,"href":"https:\/\/www.encontraitaquaquecetuba.com.br\/sobre\/wp-json\/wp\/v2\/users\/1"}],"replies":[{"embeddable":true,"href":"https:\/\/www.encontraitaquaquecetuba.com.br\/sobre\/wp-json\/wp\/v2\/comments?post=903"}],"version-history":[{"count":0,"href":"https:\/\/www.encontraitaquaquecetuba.com.br\/sobre\/wp-json\/wp\/v2\/posts\/903\/revisions"}],"wp:attachment":[{"href":"https:\/\/www.encontraitaquaquecetuba.com.br\/sobre\/wp-json\/wp\/v2\/media?parent=903"}],"wp:term":[{"taxonomy":"category","embeddable":true,"href":"https:\/\/www.encontraitaquaquecetuba.com.br\/sobre\/wp-json\/wp\/v2\/categories?post=903"},{"taxonomy":"post_tag","embeddable":true,"href":"https:\/\/www.encontraitaquaquecetuba.com.br\/sobre\/wp-json\/wp\/v2\/tags?post=903"}],"curies":[{"name":"wp","href":"https:\/\/api.w.org\/{rel}","templated":true}]}}