{"id":906,"date":"2012-12-26T15:30:22","date_gmt":"2012-12-26T15:30:22","guid":{"rendered":"http:\/\/www.encontraitaquaquecetuba.com.br\/noticias\/?p=906"},"modified":"2013-08-14T04:51:00","modified_gmt":"2013-08-14T04:51:00","slug":"mae-luta-por-medicamentos-para-o-filho-ha-4-anos-em-itaquaquecetuba","status":"publish","type":"post","link":"https:\/\/www.encontraitaquaquecetuba.com.br\/sobre\/mae-luta-por-medicamentos-para-o-filho-ha-4-anos-em-itaquaquecetuba\/","title":{"rendered":"M\u00e3e luta por medicamentos para o filho h\u00e1 4 anos em Itaquaquecetuba"},"content":{"rendered":"<div class=\"80eb2665678f8e3864bb9a528523815b\" data-index=\"1\" style=\"float: none; margin:5px 0 5px 0; text-align:center;\">\n<!-- PUB 73 - Responsivo Horizontal -->\r\n<ins class=\"adsbygoogle\"\r\n     style=\"display:block\"\r\n     data-ad-client=\"ca-pub-7321736592693252\"\r\n     data-ad-slot=\"3087950420\"\r\n     data-ad-format=\"auto\"\r\n     data-full-width-responsive=\"true\"><\/ins>\r\n<script>\r\n     (adsbygoogle = window.adsbygoogle || []).push({});\r\n<\/script>\n<\/div>\n<p>Luciv\u00e2nia Ferreira, moradora de Itaquaquecetuba, luta desde o nascimento do filho de 4 anos para que o menino receba um medicamento essencial para o desenvolvimento dele. Um problema no parto fez com que o pequeno Rafael tivesse uma paralisia cerebral. Ele n\u00e3o consegue sentar, andar ou falar e tamb\u00e9m se alimenta por meio de uma sonda. O <em>Di\u00e1rio TV<\/em> mostrou o caso neste s\u00e1bado (22).<\/p>\n<p>Aos 4 anos, a crian\u00e7a pesa apenas 7 quilos. A m\u00e3e explica que para o desenvolvimento de Rafael \u00e9 essencial que ele se alimente com um suplemento que tem o custo de R$ 3 mil por m\u00eas, mas a fam\u00edlia tem rendimento mensal de 900 reais. &#8220;Ele depende desse leite e eu n\u00e3o tenho condi\u00e7\u00f5es. J\u00e1 fiz de tudo, mas n\u00e3o tenho condi\u00e7\u00f5es&#8221;, explica a m\u00e3e.<\/p>\n<p>Com esperan\u00e7a de conseguir o medicamento, a m\u00e3e vai todos os dias \u00e0 Secretaria Municipal de Sa\u00fade de Itaquaquecetuba. A Justi\u00e7a determinou que a prefeitura custeasse o suplemento, mas a determina\u00e7\u00e3o n\u00e3o foi respeitada. Segundo o advogado da fam\u00edlia, Emerson de Almeida Ara\u00fajo, a administra\u00e7\u00e3o municipal alega que h\u00e1 falta do produto. \u201cN\u00f3s vamos comunicar a Justi\u00e7a do descumprimento da ordem e adotar as provid\u00eancias cab\u00edveis para a instaura\u00e7\u00e3o de um inqu\u00e9rito policial para apura\u00e7\u00e3o do crime de desobedi\u00eancia de ordem judicial\u201d, diz o advogado.<\/p>\n<p>O <em>Di\u00e1rio TV<\/em> busca uma posi\u00e7\u00e3o da <a title=\"Prefeitura de Itaquaquecetuba\" href=\"http:\/\/www.encontraitaquaquecetuba.com.br\/itaquaquecetuba\/prefeitura-itaquaquecetuba.shtml\" target=\"_blank\">Prefeitura de Itaquaquecetuba<\/a> mas at\u00e9 agora nenhum representante tinha sido encontrado.<\/p>\n<p><em>Fonte: G1<\/em><\/p>\n\n<div style=\"font-size: 0px; height: 0px; line-height: 0px; margin: 0; padding: 0; clear: both;\"><\/div>","protected":false},"excerpt":{"rendered":"<p>Luciv\u00e2nia Ferreira, moradora de Itaquaquecetuba, luta desde o nascimento do filho de 4 anos para que o menino receba um medicamento essencial para o desenvolvimento dele. Um problema no parto fez com que o pequeno Rafael tivesse uma paralisia cerebral. Ele n\u00e3o consegue sentar, andar ou falar e tamb\u00e9m se alimenta por meio de uma sonda. O Di\u00e1rio TV mostrou o caso neste s\u00e1bado (22). Aos 4 anos, a crian\u00e7a pesa apenas 7 quilos. A m\u00e3e explica que para o desenvolvimento de Rafael \u00e9 essencial que ele se alimente com um suplemento que tem o custo de R$ 3 mil <\/p>\n","protected":false},"author":1,"featured_media":0,"comment_status":"open","ping_status":"open","sticky":false,"template":"","format":"standard","meta":[],"categories":[6],"tags":[],"yoast_head":"<!-- This site is optimized with the Yoast SEO plugin v19.6.1 - https:\/\/yoast.com\/wordpress\/plugins\/seo\/ -->\n<title>M\u00e3e luta por medicamentos para o filho h\u00e1 4 anos em Itaquaquecetuba - Encontra Itaquaquecetuba<\/title>\n<meta name=\"robots\" content=\"index, follow, max-snippet:-1, max-image-preview:large, max-video-preview:-1\" \/>\n<link rel=\"canonical\" href=\"https:\/\/www.encontraitaquaquecetuba.com.br\/sobre\/mae-luta-por-medicamentos-para-o-filho-ha-4-anos-em-itaquaquecetuba\/\" \/>\n<meta property=\"og:locale\" content=\"pt_BR\" \/>\n<meta property=\"og:type\" content=\"article\" \/>\n<meta property=\"og:title\" content=\"M\u00e3e luta por medicamentos para o filho h\u00e1 4 anos em Itaquaquecetuba - Encontra Itaquaquecetuba\" \/>\n<meta property=\"og:description\" content=\"Luciv\u00e2nia Ferreira, moradora de Itaquaquecetuba, luta desde o nascimento do filho de 4 anos para que o menino receba um medicamento essencial para o desenvolvimento dele. Um problema no parto fez com que o pequeno Rafael tivesse uma paralisia cerebral. Ele n\u00e3o consegue sentar, andar ou falar e tamb\u00e9m se alimenta por meio de uma sonda. O Di\u00e1rio TV mostrou o caso neste s\u00e1bado (22). Aos 4 anos, a crian\u00e7a pesa apenas 7 quilos. A m\u00e3e explica que para o desenvolvimento de Rafael \u00e9 essencial que ele se alimente com um suplemento que tem o custo de R$ 3 mil\" \/>\n<meta property=\"og:url\" content=\"https:\/\/www.encontraitaquaquecetuba.com.br\/sobre\/mae-luta-por-medicamentos-para-o-filho-ha-4-anos-em-itaquaquecetuba\/\" \/>\n<meta property=\"og:site_name\" content=\"Encontra Itaquaquecetuba\" \/>\n<meta property=\"article:published_time\" content=\"2012-12-26T15:30:22+00:00\" \/>\n<meta property=\"article:modified_time\" content=\"2013-08-14T04:51:00+00:00\" \/>\n<meta name=\"author\" content=\"Encontra Itaquaquecetuba\" \/>\n<meta name=\"twitter:card\" content=\"summary_large_image\" \/>\n<meta name=\"twitter:label1\" content=\"Escrito por\" \/>\n\t<meta name=\"twitter:data1\" content=\"Encontra Itaquaquecetuba\" \/>\n\t<meta name=\"twitter:label2\" content=\"Est. tempo de leitura\" \/>\n\t<meta name=\"twitter:data2\" content=\"1 minuto\" \/>\n<script type=\"application\/ld+json\" class=\"yoast-schema-graph\">{\"@context\":\"https:\/\/schema.org\",\"@graph\":[{\"@type\":\"WebPage\",\"@id\":\"https:\/\/www.encontraitaquaquecetuba.com.br\/sobre\/mae-luta-por-medicamentos-para-o-filho-ha-4-anos-em-itaquaquecetuba\/\",\"url\":\"https:\/\/www.encontraitaquaquecetuba.com.br\/sobre\/mae-luta-por-medicamentos-para-o-filho-ha-4-anos-em-itaquaquecetuba\/\",\"name\":\"M\u00e3e luta por medicamentos para o filho h\u00e1 4 anos em Itaquaquecetuba - Encontra Itaquaquecetuba\",\"isPartOf\":{\"@id\":\"https:\/\/www.encontraitaquaquecetuba.com.br\/sobre\/#website\"},\"datePublished\":\"2012-12-26T15:30:22+00:00\",\"dateModified\":\"2013-08-14T04:51:00+00:00\",\"author\":{\"@id\":\"https:\/\/www.encontraitaquaquecetuba.com.br\/sobre\/#\/schema\/person\/a8a866dc746e447abf8ca22b02eae6ea\"},\"breadcrumb\":{\"@id\":\"https:\/\/www.encontraitaquaquecetuba.com.br\/sobre\/mae-luta-por-medicamentos-para-o-filho-ha-4-anos-em-itaquaquecetuba\/#breadcrumb\"},\"inLanguage\":\"pt-BR\",\"potentialAction\":[{\"@type\":\"ReadAction\",\"target\":[\"https:\/\/www.encontraitaquaquecetuba.com.br\/sobre\/mae-luta-por-medicamentos-para-o-filho-ha-4-anos-em-itaquaquecetuba\/\"]}]},{\"@type\":\"BreadcrumbList\",\"@id\":\"https:\/\/www.encontraitaquaquecetuba.com.br\/sobre\/mae-luta-por-medicamentos-para-o-filho-ha-4-anos-em-itaquaquecetuba\/#breadcrumb\",\"itemListElement\":[{\"@type\":\"ListItem\",\"position\":1,\"name\":\"In\u00edcio\",\"item\":\"https:\/\/www.encontraitaquaquecetuba.com.br\/sobre\/\"},{\"@type\":\"ListItem\",\"position\":2,\"name\":\"M\u00e3e luta por medicamentos para o filho h\u00e1 4 anos em Itaquaquecetuba\"}]},{\"@type\":\"WebSite\",\"@id\":\"https:\/\/www.encontraitaquaquecetuba.com.br\/sobre\/#website\",\"url\":\"https:\/\/www.encontraitaquaquecetuba.com.br\/sobre\/\",\"name\":\"Encontra Itaquaquecetuba\",\"description\":\"Not\u00edcias, eventos, informa\u00e7\u00f5es e dicas na cidade de Itaquaquecetuba e regi\u00e3o\",\"potentialAction\":[{\"@type\":\"SearchAction\",\"target\":{\"@type\":\"EntryPoint\",\"urlTemplate\":\"https:\/\/www.encontraitaquaquecetuba.com.br\/sobre\/?s={search_term_string}\"},\"query-input\":\"required name=search_term_string\"}],\"inLanguage\":\"pt-BR\"},{\"@type\":\"Person\",\"@id\":\"https:\/\/www.encontraitaquaquecetuba.com.br\/sobre\/#\/schema\/person\/a8a866dc746e447abf8ca22b02eae6ea\",\"name\":\"Encontra Itaquaquecetuba\",\"image\":{\"@type\":\"ImageObject\",\"inLanguage\":\"pt-BR\",\"@id\":\"https:\/\/www.encontraitaquaquecetuba.com.br\/sobre\/#\/schema\/person\/image\/\",\"url\":\"https:\/\/secure.gravatar.com\/avatar\/f007732be0d27cbf8a336929fe922478?s=96&d=mm&r=g\",\"contentUrl\":\"https:\/\/secure.gravatar.com\/avatar\/f007732be0d27cbf8a336929fe922478?s=96&d=mm&r=g\",\"caption\":\"Encontra Itaquaquecetuba\"},\"sameAs\":[\"http:\/\/www.encontraitaquaquecetuba.com.br\"],\"url\":\"https:\/\/www.encontraitaquaquecetuba.com.br\/sobre\/author\/eitaquaquecetuba\/\"}]}<\/script>\n<!-- \/ Yoast SEO plugin. -->","yoast_head_json":{"title":"M\u00e3e luta por medicamentos para o filho h\u00e1 4 anos em Itaquaquecetuba - Encontra Itaquaquecetuba","robots":{"index":"index","follow":"follow","max-snippet":"max-snippet:-1","max-image-preview":"max-image-preview:large","max-video-preview":"max-video-preview:-1"},"canonical":"https:\/\/www.encontraitaquaquecetuba.com.br\/sobre\/mae-luta-por-medicamentos-para-o-filho-ha-4-anos-em-itaquaquecetuba\/","og_locale":"pt_BR","og_type":"article","og_title":"M\u00e3e luta por medicamentos para o filho h\u00e1 4 anos em Itaquaquecetuba - Encontra Itaquaquecetuba","og_description":"Luciv\u00e2nia Ferreira, moradora de Itaquaquecetuba, luta desde o nascimento do filho de 4 anos para que o menino receba um medicamento essencial para o desenvolvimento dele. Um problema no parto fez com que o pequeno Rafael tivesse uma paralisia cerebral. Ele n\u00e3o consegue sentar, andar ou falar e tamb\u00e9m se alimenta por meio de uma sonda. O Di\u00e1rio TV mostrou o caso neste s\u00e1bado (22). Aos 4 anos, a crian\u00e7a pesa apenas 7 quilos. A m\u00e3e explica que para o desenvolvimento de Rafael \u00e9 essencial que ele se alimente com um suplemento que tem o custo de R$ 3 mil","og_url":"https:\/\/www.encontraitaquaquecetuba.com.br\/sobre\/mae-luta-por-medicamentos-para-o-filho-ha-4-anos-em-itaquaquecetuba\/","og_site_name":"Encontra Itaquaquecetuba","article_published_time":"2012-12-26T15:30:22+00:00","article_modified_time":"2013-08-14T04:51:00+00:00","author":"Encontra Itaquaquecetuba","twitter_card":"summary_large_image","twitter_misc":{"Escrito por":"Encontra Itaquaquecetuba","Est. tempo de leitura":"1 minuto"},"schema":{"@context":"https:\/\/schema.org","@graph":[{"@type":"WebPage","@id":"https:\/\/www.encontraitaquaquecetuba.com.br\/sobre\/mae-luta-por-medicamentos-para-o-filho-ha-4-anos-em-itaquaquecetuba\/","url":"https:\/\/www.encontraitaquaquecetuba.com.br\/sobre\/mae-luta-por-medicamentos-para-o-filho-ha-4-anos-em-itaquaquecetuba\/","name":"M\u00e3e luta por medicamentos para o filho h\u00e1 4 anos em Itaquaquecetuba - Encontra Itaquaquecetuba","isPartOf":{"@id":"https:\/\/www.encontraitaquaquecetuba.com.br\/sobre\/#website"},"datePublished":"2012-12-26T15:30:22+00:00","dateModified":"2013-08-14T04:51:00+00:00","author":{"@id":"https:\/\/www.encontraitaquaquecetuba.com.br\/sobre\/#\/schema\/person\/a8a866dc746e447abf8ca22b02eae6ea"},"breadcrumb":{"@id":"https:\/\/www.encontraitaquaquecetuba.com.br\/sobre\/mae-luta-por-medicamentos-para-o-filho-ha-4-anos-em-itaquaquecetuba\/#breadcrumb"},"inLanguage":"pt-BR","potentialAction":[{"@type":"ReadAction","target":["https:\/\/www.encontraitaquaquecetuba.com.br\/sobre\/mae-luta-por-medicamentos-para-o-filho-ha-4-anos-em-itaquaquecetuba\/"]}]},{"@type":"BreadcrumbList","@id":"https:\/\/www.encontraitaquaquecetuba.com.br\/sobre\/mae-luta-por-medicamentos-para-o-filho-ha-4-anos-em-itaquaquecetuba\/#breadcrumb","itemListElement":[{"@type":"ListItem","position":1,"name":"In\u00edcio","item":"https:\/\/www.encontraitaquaquecetuba.com.br\/sobre\/"},{"@type":"ListItem","position":2,"name":"M\u00e3e luta por medicamentos para o filho h\u00e1 4 anos em Itaquaquecetuba"}]},{"@type":"WebSite","@id":"https:\/\/www.encontraitaquaquecetuba.com.br\/sobre\/#website","url":"https:\/\/www.encontraitaquaquecetuba.com.br\/sobre\/","name":"Encontra Itaquaquecetuba","description":"Not\u00edcias, eventos, informa\u00e7\u00f5es e dicas na cidade de Itaquaquecetuba e regi\u00e3o","potentialAction":[{"@type":"SearchAction","target":{"@type":"EntryPoint","urlTemplate":"https:\/\/www.encontraitaquaquecetuba.com.br\/sobre\/?s={search_term_string}"},"query-input":"required name=search_term_string"}],"inLanguage":"pt-BR"},{"@type":"Person","@id":"https:\/\/www.encontraitaquaquecetuba.com.br\/sobre\/#\/schema\/person\/a8a866dc746e447abf8ca22b02eae6ea","name":"Encontra Itaquaquecetuba","image":{"@type":"ImageObject","inLanguage":"pt-BR","@id":"https:\/\/www.encontraitaquaquecetuba.com.br\/sobre\/#\/schema\/person\/image\/","url":"https:\/\/secure.gravatar.com\/avatar\/f007732be0d27cbf8a336929fe922478?s=96&d=mm&r=g","contentUrl":"https:\/\/secure.gravatar.com\/avatar\/f007732be0d27cbf8a336929fe922478?s=96&d=mm&r=g","caption":"Encontra Itaquaquecetuba"},"sameAs":["http:\/\/www.encontraitaquaquecetuba.com.br"],"url":"https:\/\/www.encontraitaquaquecetuba.com.br\/sobre\/author\/eitaquaquecetuba\/"}]}},"_links":{"self":[{"href":"https:\/\/www.encontraitaquaquecetuba.com.br\/sobre\/wp-json\/wp\/v2\/posts\/906"}],"collection":[{"href":"https:\/\/www.encontraitaquaquecetuba.com.br\/sobre\/wp-json\/wp\/v2\/posts"}],"about":[{"href":"https:\/\/www.encontraitaquaquecetuba.com.br\/sobre\/wp-json\/wp\/v2\/types\/post"}],"author":[{"embeddable":true,"href":"https:\/\/www.encontraitaquaquecetuba.com.br\/sobre\/wp-json\/wp\/v2\/users\/1"}],"replies":[{"embeddable":true,"href":"https:\/\/www.encontraitaquaquecetuba.com.br\/sobre\/wp-json\/wp\/v2\/comments?post=906"}],"version-history":[{"count":0,"href":"https:\/\/www.encontraitaquaquecetuba.com.br\/sobre\/wp-json\/wp\/v2\/posts\/906\/revisions"}],"wp:attachment":[{"href":"https:\/\/www.encontraitaquaquecetuba.com.br\/sobre\/wp-json\/wp\/v2\/media?parent=906"}],"wp:term":[{"taxonomy":"category","embeddable":true,"href":"https:\/\/www.encontraitaquaquecetuba.com.br\/sobre\/wp-json\/wp\/v2\/categories?post=906"},{"taxonomy":"post_tag","embeddable":true,"href":"https:\/\/www.encontraitaquaquecetuba.com.br\/sobre\/wp-json\/wp\/v2\/tags?post=906"}],"curies":[{"name":"wp","href":"https:\/\/api.w.org\/{rel}","templated":true}]}}