{"id":910,"date":"2013-01-07T12:57:37","date_gmt":"2013-01-07T12:57:37","guid":{"rendered":"http:\/\/www.encontraitaquaquecetuba.com.br\/noticias\/?p=910"},"modified":"2013-08-14T04:51:06","modified_gmt":"2013-08-14T04:51:06","slug":"caminhoes-batem-em-praca-do-pedagio-em-itaquaquecetuba","status":"publish","type":"post","link":"https:\/\/www.encontraitaquaquecetuba.com.br\/sobre\/caminhoes-batem-em-praca-do-pedagio-em-itaquaquecetuba\/","title":{"rendered":"Caminh\u00f5es batem em pra\u00e7a do ped\u00e1gio em Itaquaquecetuba"},"content":{"rendered":"<div class=\"80eb2665678f8e3864bb9a528523815b\" data-index=\"1\" style=\"float: none; margin:5px 0 5px 0; text-align:center;\">\n<!-- PUB 73 - Responsivo Horizontal -->\r\n<ins class=\"adsbygoogle\"\r\n     style=\"display:block\"\r\n     data-ad-client=\"ca-pub-7321736592693252\"\r\n     data-ad-slot=\"3087950420\"\r\n     data-ad-format=\"auto\"\r\n     data-full-width-responsive=\"true\"><\/ins>\r\n<script>\r\n     (adsbygoogle = window.adsbygoogle || []).push({});\r\n<\/script>\n<\/div>\n<p>Dois caminh\u00f5es se envolveram em um acidente na tarde deste s\u00e1bado (5) perto da pra\u00e7a do ped\u00e1gio da Rodovia Ayrton Senna, no sentido interior. A batida foi no trecho de Itaquaquecetuba, na Regi\u00e3o Metropolitana de S\u00e3o Paulo. Uma carreta, carregada com pneus, colidiu na traseira de um caminh\u00e3o. Segundo a Pol\u00edcia Rodovi\u00e1ria, ningu\u00e9m se feriu.<\/p>\n<p>A pol\u00edcia ainda informou que o motorista que estava \u00e0 frente freou por causa da demora da abertura da cancela. O ve\u00edculo de tr\u00e1s n\u00e3o conseguiu parar a tempo. Al\u00e9m de bater na traseira da carreta, o caminh\u00e3o ainda atingiu um dos postes de sinaliza\u00e7\u00e3o da pista.<\/p>\n<p>No momento da batida, n\u00e3o havia outros ve\u00edculos pr\u00f3ximos.<\/p>\n<p>Para retirar um dos caminh\u00f5es, que precisou ser guinchado, uma das passagens do ped\u00e1gio ficou interditada por quase duas horas. Mas, por volta das 17h49, o tr\u00e1fego no local estava liberado. O funcionamento das outras cabines n\u00e3o foi afetado.<\/p>\n<p><em>Fonte: G1<\/em><\/p>\n\n<div style=\"font-size: 0px; height: 0px; line-height: 0px; margin: 0; padding: 0; clear: both;\"><\/div>","protected":false},"excerpt":{"rendered":"<p>Dois caminh\u00f5es se envolveram em um acidente na tarde deste s\u00e1bado (5) perto da pra\u00e7a do ped\u00e1gio da Rodovia Ayrton Senna, no sentido interior. A batida foi no trecho de Itaquaquecetuba, na Regi\u00e3o Metropolitana de S\u00e3o Paulo. Uma carreta, carregada com pneus, colidiu na traseira de um caminh\u00e3o. Segundo a Pol\u00edcia Rodovi\u00e1ria, ningu\u00e9m se feriu. A pol\u00edcia ainda informou que o motorista que estava \u00e0 frente freou por causa da demora da abertura da cancela. O ve\u00edculo de tr\u00e1s n\u00e3o conseguiu parar a tempo. Al\u00e9m de bater na traseira da carreta, o caminh\u00e3o ainda atingiu um dos postes de sinaliza\u00e7\u00e3o <\/p>\n","protected":false},"author":1,"featured_media":0,"comment_status":"open","ping_status":"open","sticky":false,"template":"","format":"standard","meta":[],"categories":[6],"tags":[],"yoast_head":"<!-- This site is optimized with the Yoast SEO plugin v19.6.1 - https:\/\/yoast.com\/wordpress\/plugins\/seo\/ -->\n<title>Caminh\u00f5es batem em pra\u00e7a do ped\u00e1gio em Itaquaquecetuba - Encontra Itaquaquecetuba<\/title>\n<meta name=\"robots\" content=\"index, follow, max-snippet:-1, max-image-preview:large, max-video-preview:-1\" \/>\n<link rel=\"canonical\" href=\"https:\/\/www.encontraitaquaquecetuba.com.br\/sobre\/caminhoes-batem-em-praca-do-pedagio-em-itaquaquecetuba\/\" \/>\n<meta property=\"og:locale\" content=\"pt_BR\" \/>\n<meta property=\"og:type\" content=\"article\" \/>\n<meta property=\"og:title\" content=\"Caminh\u00f5es batem em pra\u00e7a do ped\u00e1gio em Itaquaquecetuba - Encontra Itaquaquecetuba\" \/>\n<meta property=\"og:description\" content=\"Dois caminh\u00f5es se envolveram em um acidente na tarde deste s\u00e1bado (5) perto da pra\u00e7a do ped\u00e1gio da Rodovia Ayrton Senna, no sentido interior. A batida foi no trecho de Itaquaquecetuba, na Regi\u00e3o Metropolitana de S\u00e3o Paulo. Uma carreta, carregada com pneus, colidiu na traseira de um caminh\u00e3o. Segundo a Pol\u00edcia Rodovi\u00e1ria, ningu\u00e9m se feriu. A pol\u00edcia ainda informou que o motorista que estava \u00e0 frente freou por causa da demora da abertura da cancela. O ve\u00edculo de tr\u00e1s n\u00e3o conseguiu parar a tempo. Al\u00e9m de bater na traseira da carreta, o caminh\u00e3o ainda atingiu um dos postes de sinaliza\u00e7\u00e3o\" \/>\n<meta property=\"og:url\" content=\"https:\/\/www.encontraitaquaquecetuba.com.br\/sobre\/caminhoes-batem-em-praca-do-pedagio-em-itaquaquecetuba\/\" \/>\n<meta property=\"og:site_name\" content=\"Encontra Itaquaquecetuba\" \/>\n<meta property=\"article:published_time\" content=\"2013-01-07T12:57:37+00:00\" \/>\n<meta property=\"article:modified_time\" content=\"2013-08-14T04:51:06+00:00\" \/>\n<meta name=\"author\" content=\"Encontra Itaquaquecetuba\" \/>\n<meta name=\"twitter:card\" content=\"summary_large_image\" \/>\n<meta name=\"twitter:label1\" content=\"Escrito por\" \/>\n\t<meta name=\"twitter:data1\" content=\"Encontra Itaquaquecetuba\" \/>\n\t<meta name=\"twitter:label2\" content=\"Est. tempo de leitura\" \/>\n\t<meta name=\"twitter:data2\" content=\"1 minuto\" \/>\n<script type=\"application\/ld+json\" class=\"yoast-schema-graph\">{\"@context\":\"https:\/\/schema.org\",\"@graph\":[{\"@type\":\"WebPage\",\"@id\":\"https:\/\/www.encontraitaquaquecetuba.com.br\/sobre\/caminhoes-batem-em-praca-do-pedagio-em-itaquaquecetuba\/\",\"url\":\"https:\/\/www.encontraitaquaquecetuba.com.br\/sobre\/caminhoes-batem-em-praca-do-pedagio-em-itaquaquecetuba\/\",\"name\":\"Caminh\u00f5es batem em pra\u00e7a do ped\u00e1gio em Itaquaquecetuba - Encontra Itaquaquecetuba\",\"isPartOf\":{\"@id\":\"https:\/\/www.encontraitaquaquecetuba.com.br\/sobre\/#website\"},\"datePublished\":\"2013-01-07T12:57:37+00:00\",\"dateModified\":\"2013-08-14T04:51:06+00:00\",\"author\":{\"@id\":\"https:\/\/www.encontraitaquaquecetuba.com.br\/sobre\/#\/schema\/person\/a8a866dc746e447abf8ca22b02eae6ea\"},\"breadcrumb\":{\"@id\":\"https:\/\/www.encontraitaquaquecetuba.com.br\/sobre\/caminhoes-batem-em-praca-do-pedagio-em-itaquaquecetuba\/#breadcrumb\"},\"inLanguage\":\"pt-BR\",\"potentialAction\":[{\"@type\":\"ReadAction\",\"target\":[\"https:\/\/www.encontraitaquaquecetuba.com.br\/sobre\/caminhoes-batem-em-praca-do-pedagio-em-itaquaquecetuba\/\"]}]},{\"@type\":\"BreadcrumbList\",\"@id\":\"https:\/\/www.encontraitaquaquecetuba.com.br\/sobre\/caminhoes-batem-em-praca-do-pedagio-em-itaquaquecetuba\/#breadcrumb\",\"itemListElement\":[{\"@type\":\"ListItem\",\"position\":1,\"name\":\"In\u00edcio\",\"item\":\"https:\/\/www.encontraitaquaquecetuba.com.br\/sobre\/\"},{\"@type\":\"ListItem\",\"position\":2,\"name\":\"Caminh\u00f5es batem em pra\u00e7a do ped\u00e1gio em Itaquaquecetuba\"}]},{\"@type\":\"WebSite\",\"@id\":\"https:\/\/www.encontraitaquaquecetuba.com.br\/sobre\/#website\",\"url\":\"https:\/\/www.encontraitaquaquecetuba.com.br\/sobre\/\",\"name\":\"Encontra Itaquaquecetuba\",\"description\":\"Not\u00edcias, eventos, informa\u00e7\u00f5es e dicas na cidade de Itaquaquecetuba e regi\u00e3o\",\"potentialAction\":[{\"@type\":\"SearchAction\",\"target\":{\"@type\":\"EntryPoint\",\"urlTemplate\":\"https:\/\/www.encontraitaquaquecetuba.com.br\/sobre\/?s={search_term_string}\"},\"query-input\":\"required name=search_term_string\"}],\"inLanguage\":\"pt-BR\"},{\"@type\":\"Person\",\"@id\":\"https:\/\/www.encontraitaquaquecetuba.com.br\/sobre\/#\/schema\/person\/a8a866dc746e447abf8ca22b02eae6ea\",\"name\":\"Encontra Itaquaquecetuba\",\"image\":{\"@type\":\"ImageObject\",\"inLanguage\":\"pt-BR\",\"@id\":\"https:\/\/www.encontraitaquaquecetuba.com.br\/sobre\/#\/schema\/person\/image\/\",\"url\":\"https:\/\/secure.gravatar.com\/avatar\/f007732be0d27cbf8a336929fe922478?s=96&d=mm&r=g\",\"contentUrl\":\"https:\/\/secure.gravatar.com\/avatar\/f007732be0d27cbf8a336929fe922478?s=96&d=mm&r=g\",\"caption\":\"Encontra Itaquaquecetuba\"},\"sameAs\":[\"http:\/\/www.encontraitaquaquecetuba.com.br\"],\"url\":\"https:\/\/www.encontraitaquaquecetuba.com.br\/sobre\/author\/eitaquaquecetuba\/\"}]}<\/script>\n<!-- \/ Yoast SEO plugin. -->","yoast_head_json":{"title":"Caminh\u00f5es batem em pra\u00e7a do ped\u00e1gio em Itaquaquecetuba - Encontra Itaquaquecetuba","robots":{"index":"index","follow":"follow","max-snippet":"max-snippet:-1","max-image-preview":"max-image-preview:large","max-video-preview":"max-video-preview:-1"},"canonical":"https:\/\/www.encontraitaquaquecetuba.com.br\/sobre\/caminhoes-batem-em-praca-do-pedagio-em-itaquaquecetuba\/","og_locale":"pt_BR","og_type":"article","og_title":"Caminh\u00f5es batem em pra\u00e7a do ped\u00e1gio em Itaquaquecetuba - Encontra Itaquaquecetuba","og_description":"Dois caminh\u00f5es se envolveram em um acidente na tarde deste s\u00e1bado (5) perto da pra\u00e7a do ped\u00e1gio da Rodovia Ayrton Senna, no sentido interior. A batida foi no trecho de Itaquaquecetuba, na Regi\u00e3o Metropolitana de S\u00e3o Paulo. Uma carreta, carregada com pneus, colidiu na traseira de um caminh\u00e3o. Segundo a Pol\u00edcia Rodovi\u00e1ria, ningu\u00e9m se feriu. A pol\u00edcia ainda informou que o motorista que estava \u00e0 frente freou por causa da demora da abertura da cancela. O ve\u00edculo de tr\u00e1s n\u00e3o conseguiu parar a tempo. Al\u00e9m de bater na traseira da carreta, o caminh\u00e3o ainda atingiu um dos postes de sinaliza\u00e7\u00e3o","og_url":"https:\/\/www.encontraitaquaquecetuba.com.br\/sobre\/caminhoes-batem-em-praca-do-pedagio-em-itaquaquecetuba\/","og_site_name":"Encontra Itaquaquecetuba","article_published_time":"2013-01-07T12:57:37+00:00","article_modified_time":"2013-08-14T04:51:06+00:00","author":"Encontra Itaquaquecetuba","twitter_card":"summary_large_image","twitter_misc":{"Escrito por":"Encontra Itaquaquecetuba","Est. tempo de leitura":"1 minuto"},"schema":{"@context":"https:\/\/schema.org","@graph":[{"@type":"WebPage","@id":"https:\/\/www.encontraitaquaquecetuba.com.br\/sobre\/caminhoes-batem-em-praca-do-pedagio-em-itaquaquecetuba\/","url":"https:\/\/www.encontraitaquaquecetuba.com.br\/sobre\/caminhoes-batem-em-praca-do-pedagio-em-itaquaquecetuba\/","name":"Caminh\u00f5es batem em pra\u00e7a do ped\u00e1gio em Itaquaquecetuba - Encontra Itaquaquecetuba","isPartOf":{"@id":"https:\/\/www.encontraitaquaquecetuba.com.br\/sobre\/#website"},"datePublished":"2013-01-07T12:57:37+00:00","dateModified":"2013-08-14T04:51:06+00:00","author":{"@id":"https:\/\/www.encontraitaquaquecetuba.com.br\/sobre\/#\/schema\/person\/a8a866dc746e447abf8ca22b02eae6ea"},"breadcrumb":{"@id":"https:\/\/www.encontraitaquaquecetuba.com.br\/sobre\/caminhoes-batem-em-praca-do-pedagio-em-itaquaquecetuba\/#breadcrumb"},"inLanguage":"pt-BR","potentialAction":[{"@type":"ReadAction","target":["https:\/\/www.encontraitaquaquecetuba.com.br\/sobre\/caminhoes-batem-em-praca-do-pedagio-em-itaquaquecetuba\/"]}]},{"@type":"BreadcrumbList","@id":"https:\/\/www.encontraitaquaquecetuba.com.br\/sobre\/caminhoes-batem-em-praca-do-pedagio-em-itaquaquecetuba\/#breadcrumb","itemListElement":[{"@type":"ListItem","position":1,"name":"In\u00edcio","item":"https:\/\/www.encontraitaquaquecetuba.com.br\/sobre\/"},{"@type":"ListItem","position":2,"name":"Caminh\u00f5es batem em pra\u00e7a do ped\u00e1gio em Itaquaquecetuba"}]},{"@type":"WebSite","@id":"https:\/\/www.encontraitaquaquecetuba.com.br\/sobre\/#website","url":"https:\/\/www.encontraitaquaquecetuba.com.br\/sobre\/","name":"Encontra Itaquaquecetuba","description":"Not\u00edcias, eventos, informa\u00e7\u00f5es e dicas na cidade de Itaquaquecetuba e regi\u00e3o","potentialAction":[{"@type":"SearchAction","target":{"@type":"EntryPoint","urlTemplate":"https:\/\/www.encontraitaquaquecetuba.com.br\/sobre\/?s={search_term_string}"},"query-input":"required name=search_term_string"}],"inLanguage":"pt-BR"},{"@type":"Person","@id":"https:\/\/www.encontraitaquaquecetuba.com.br\/sobre\/#\/schema\/person\/a8a866dc746e447abf8ca22b02eae6ea","name":"Encontra Itaquaquecetuba","image":{"@type":"ImageObject","inLanguage":"pt-BR","@id":"https:\/\/www.encontraitaquaquecetuba.com.br\/sobre\/#\/schema\/person\/image\/","url":"https:\/\/secure.gravatar.com\/avatar\/f007732be0d27cbf8a336929fe922478?s=96&d=mm&r=g","contentUrl":"https:\/\/secure.gravatar.com\/avatar\/f007732be0d27cbf8a336929fe922478?s=96&d=mm&r=g","caption":"Encontra Itaquaquecetuba"},"sameAs":["http:\/\/www.encontraitaquaquecetuba.com.br"],"url":"https:\/\/www.encontraitaquaquecetuba.com.br\/sobre\/author\/eitaquaquecetuba\/"}]}},"_links":{"self":[{"href":"https:\/\/www.encontraitaquaquecetuba.com.br\/sobre\/wp-json\/wp\/v2\/posts\/910"}],"collection":[{"href":"https:\/\/www.encontraitaquaquecetuba.com.br\/sobre\/wp-json\/wp\/v2\/posts"}],"about":[{"href":"https:\/\/www.encontraitaquaquecetuba.com.br\/sobre\/wp-json\/wp\/v2\/types\/post"}],"author":[{"embeddable":true,"href":"https:\/\/www.encontraitaquaquecetuba.com.br\/sobre\/wp-json\/wp\/v2\/users\/1"}],"replies":[{"embeddable":true,"href":"https:\/\/www.encontraitaquaquecetuba.com.br\/sobre\/wp-json\/wp\/v2\/comments?post=910"}],"version-history":[{"count":0,"href":"https:\/\/www.encontraitaquaquecetuba.com.br\/sobre\/wp-json\/wp\/v2\/posts\/910\/revisions"}],"wp:attachment":[{"href":"https:\/\/www.encontraitaquaquecetuba.com.br\/sobre\/wp-json\/wp\/v2\/media?parent=910"}],"wp:term":[{"taxonomy":"category","embeddable":true,"href":"https:\/\/www.encontraitaquaquecetuba.com.br\/sobre\/wp-json\/wp\/v2\/categories?post=910"},{"taxonomy":"post_tag","embeddable":true,"href":"https:\/\/www.encontraitaquaquecetuba.com.br\/sobre\/wp-json\/wp\/v2\/tags?post=910"}],"curies":[{"name":"wp","href":"https:\/\/api.w.org\/{rel}","templated":true}]}}