{"id":92,"date":"2011-07-28T19:12:32","date_gmt":"2011-07-28T19:12:32","guid":{"rendered":"http:\/\/www.encontraitaquaquecetuba.com.br\/noticias\/?p=92"},"modified":"2021-09-13T15:22:12","modified_gmt":"2021-09-13T15:22:12","slug":"itaquaquecetuba-apresenta-a-quadrilha-junina-da-melhor-idade","status":"publish","type":"post","link":"https:\/\/www.encontraitaquaquecetuba.com.br\/sobre\/itaquaquecetuba-apresenta-a-quadrilha-junina-da-melhor-idade\/","title":{"rendered":"Itaquaquecetuba apresenta a quadrilha junina da melhor idade"},"content":{"rendered":"<div class=\"80eb2665678f8e3864bb9a528523815b\" data-index=\"1\" style=\"float: none; margin:5px 0 5px 0; text-align:center;\">\n<!-- PUB 73 - Responsivo Horizontal -->\r\n<ins class=\"adsbygoogle\"\r\n     style=\"display:block\"\r\n     data-ad-client=\"ca-pub-7321736592693252\"\r\n     data-ad-slot=\"3087950420\"\r\n     data-ad-format=\"auto\"\r\n     data-full-width-responsive=\"true\"><\/ins>\r\n<script>\r\n     (adsbygoogle = window.adsbygoogle || []).push({});\r\n<\/script>\n<\/div>\n<p>Tendo em vista os festejos t\u00edpicos desta \u00e9poca, o Ponto de Cultura na Pra\u00e7a apresentou nesta quarta-feira, 27, a quadrilha junina do grupo da Melhor Idade &#8211; Projeto Ser Feliz no Parque.<\/p>\n<p>Como de costume, o evento foi realizado na Pra\u00e7a Padre Jo\u00e3o \u00c1lvares, no centro da cidade Itaquaquecetuba, sendo apresentado por Maria Ana Rosa (a Nena).<\/p>\n<p>A empolga\u00e7\u00e3o tomou conta do p\u00fablico que passava pelo local no momento da apresenta\u00e7\u00e3o.\u00a0A quadrilha junina, formada por cerca de 20 casais, foi coreografada por Ailton Silva e puxada por Dulcin\u00e9ia da Silva.<\/p>\n<p>Al\u00e9m dos integrantes do grupo da \u201cMelhor Idade\u201d, alguns servidores da secretaria municipal de Promo\u00e7\u00e3o Social fizeram quest\u00e3o de participar da exibi\u00e7\u00e3o, \u00e0 exemplo de F\u00e1bio Francisco da Silva (o Fabinho) que na ocasi\u00e3o, representou o \u201cnoivo muito louco\u201d da quadrilha.<\/p>\n<p>Para quem ainda n\u00e3o conhece, o \u201cPonto de Cultura na Pra\u00e7a\u201d tem por objetivo articular a produ\u00e7\u00e3o cultural e promover o interc\u00e2mbio de linguagens art\u00edsticas e das express\u00f5es simb\u00f3licas, valorizando a cultura popular.<br \/>\nO projeto, de autoria do atual secret\u00e1rio municipal de Cultura e Turismo, Jandir Jorge Souto, foi implantado na cidade h\u00e1 cerca de 4 anos e \u00e9 considerado um projeto modelo.<\/p>\n<p>O atrativo cultural \u00e9 motivo de orgulho para o prefeito Armando Tavares Filho, o Armando da Farm\u00e1cia que acredita que as produ\u00e7\u00f5es ditas \u201cart\u00edsticas\u201d fazem parte do processo de desenvolvimento intelectual saud\u00e1vel de todo e qualquer cidad\u00e3o e por este motivo, ap\u00f3ia a realiza\u00e7\u00e3o das referidas amostragens p\u00fablicas.<\/p>\n<p>Para mais informa\u00e7\u00f5es sobre a agenda cultural do projeto, o telefone \u00e9: 4754-2111.<\/p>\n<p><em>Fonte: Prefeitura de Itaquaquecetuba<\/em><\/p>\n\n<div style=\"font-size: 0px; height: 0px; line-height: 0px; margin: 0; padding: 0; clear: both;\"><\/div>","protected":false},"excerpt":{"rendered":"<p>Tendo em vista os festejos t\u00edpicos desta \u00e9poca, o Ponto de Cultura na Pra\u00e7a apresentou nesta quarta-feira, 27, a quadrilha junina do grupo da Melhor Idade &#8211; Projeto Ser Feliz no Parque. Como de costume, o evento foi realizado na Pra\u00e7a Padre Jo\u00e3o \u00c1lvares, no centro da cidade Itaquaquecetuba, sendo apresentado por Maria Ana Rosa (a Nena). A empolga\u00e7\u00e3o tomou conta do p\u00fablico que passava pelo local no momento da apresenta\u00e7\u00e3o.\u00a0A quadrilha junina, formada por cerca de 20 casais, foi coreografada por Ailton Silva e puxada por Dulcin\u00e9ia da Silva. Al\u00e9m dos integrantes do grupo da \u201cMelhor Idade\u201d, alguns servidores <\/p>\n","protected":false},"author":1,"featured_media":0,"comment_status":"open","ping_status":"open","sticky":false,"template":"","format":"standard","meta":[],"categories":[6],"tags":[14],"yoast_head":"<!-- This site is optimized with the Yoast SEO plugin v19.6.1 - https:\/\/yoast.com\/wordpress\/plugins\/seo\/ -->\n<title>Itaquaquecetuba apresenta a quadrilha junina da melhor idade - Encontra Itaquaquecetuba<\/title>\n<meta name=\"robots\" content=\"index, follow, max-snippet:-1, max-image-preview:large, max-video-preview:-1\" \/>\n<link rel=\"canonical\" href=\"https:\/\/www.encontraitaquaquecetuba.com.br\/sobre\/itaquaquecetuba-apresenta-a-quadrilha-junina-da-melhor-idade\/\" \/>\n<meta property=\"og:locale\" content=\"pt_BR\" \/>\n<meta property=\"og:type\" content=\"article\" \/>\n<meta property=\"og:title\" content=\"Itaquaquecetuba apresenta a quadrilha junina da melhor idade - Encontra Itaquaquecetuba\" \/>\n<meta property=\"og:description\" content=\"Tendo em vista os festejos t\u00edpicos desta \u00e9poca, o Ponto de Cultura na Pra\u00e7a apresentou nesta quarta-feira, 27, a quadrilha junina do grupo da Melhor Idade &#8211; Projeto Ser Feliz no Parque. Como de costume, o evento foi realizado na Pra\u00e7a Padre Jo\u00e3o \u00c1lvares, no centro da cidade Itaquaquecetuba, sendo apresentado por Maria Ana Rosa (a Nena). A empolga\u00e7\u00e3o tomou conta do p\u00fablico que passava pelo local no momento da apresenta\u00e7\u00e3o.\u00a0A quadrilha junina, formada por cerca de 20 casais, foi coreografada por Ailton Silva e puxada por Dulcin\u00e9ia da Silva. Al\u00e9m dos integrantes do grupo da \u201cMelhor Idade\u201d, alguns servidores\" \/>\n<meta property=\"og:url\" content=\"https:\/\/www.encontraitaquaquecetuba.com.br\/sobre\/itaquaquecetuba-apresenta-a-quadrilha-junina-da-melhor-idade\/\" \/>\n<meta property=\"og:site_name\" content=\"Encontra Itaquaquecetuba\" \/>\n<meta property=\"article:published_time\" content=\"2011-07-28T19:12:32+00:00\" \/>\n<meta property=\"article:modified_time\" content=\"2021-09-13T15:22:12+00:00\" \/>\n<meta name=\"author\" content=\"Encontra Itaquaquecetuba\" \/>\n<meta name=\"twitter:card\" content=\"summary_large_image\" \/>\n<meta name=\"twitter:label1\" content=\"Escrito por\" \/>\n\t<meta name=\"twitter:data1\" content=\"Encontra Itaquaquecetuba\" \/>\n\t<meta name=\"twitter:label2\" content=\"Est. tempo de leitura\" \/>\n\t<meta name=\"twitter:data2\" content=\"1 minuto\" \/>\n<script type=\"application\/ld+json\" class=\"yoast-schema-graph\">{\"@context\":\"https:\/\/schema.org\",\"@graph\":[{\"@type\":\"WebPage\",\"@id\":\"https:\/\/www.encontraitaquaquecetuba.com.br\/sobre\/itaquaquecetuba-apresenta-a-quadrilha-junina-da-melhor-idade\/\",\"url\":\"https:\/\/www.encontraitaquaquecetuba.com.br\/sobre\/itaquaquecetuba-apresenta-a-quadrilha-junina-da-melhor-idade\/\",\"name\":\"Itaquaquecetuba apresenta a quadrilha junina da melhor idade - Encontra Itaquaquecetuba\",\"isPartOf\":{\"@id\":\"https:\/\/www.encontraitaquaquecetuba.com.br\/sobre\/#website\"},\"datePublished\":\"2011-07-28T19:12:32+00:00\",\"dateModified\":\"2021-09-13T15:22:12+00:00\",\"author\":{\"@id\":\"https:\/\/www.encontraitaquaquecetuba.com.br\/sobre\/#\/schema\/person\/a8a866dc746e447abf8ca22b02eae6ea\"},\"breadcrumb\":{\"@id\":\"https:\/\/www.encontraitaquaquecetuba.com.br\/sobre\/itaquaquecetuba-apresenta-a-quadrilha-junina-da-melhor-idade\/#breadcrumb\"},\"inLanguage\":\"pt-BR\",\"potentialAction\":[{\"@type\":\"ReadAction\",\"target\":[\"https:\/\/www.encontraitaquaquecetuba.com.br\/sobre\/itaquaquecetuba-apresenta-a-quadrilha-junina-da-melhor-idade\/\"]}]},{\"@type\":\"BreadcrumbList\",\"@id\":\"https:\/\/www.encontraitaquaquecetuba.com.br\/sobre\/itaquaquecetuba-apresenta-a-quadrilha-junina-da-melhor-idade\/#breadcrumb\",\"itemListElement\":[{\"@type\":\"ListItem\",\"position\":1,\"name\":\"In\u00edcio\",\"item\":\"https:\/\/www.encontraitaquaquecetuba.com.br\/sobre\/\"},{\"@type\":\"ListItem\",\"position\":2,\"name\":\"Itaquaquecetuba apresenta a quadrilha junina da melhor idade\"}]},{\"@type\":\"WebSite\",\"@id\":\"https:\/\/www.encontraitaquaquecetuba.com.br\/sobre\/#website\",\"url\":\"https:\/\/www.encontraitaquaquecetuba.com.br\/sobre\/\",\"name\":\"Encontra Itaquaquecetuba\",\"description\":\"Not\u00edcias, eventos, informa\u00e7\u00f5es e dicas na cidade de Itaquaquecetuba e regi\u00e3o\",\"potentialAction\":[{\"@type\":\"SearchAction\",\"target\":{\"@type\":\"EntryPoint\",\"urlTemplate\":\"https:\/\/www.encontraitaquaquecetuba.com.br\/sobre\/?s={search_term_string}\"},\"query-input\":\"required name=search_term_string\"}],\"inLanguage\":\"pt-BR\"},{\"@type\":\"Person\",\"@id\":\"https:\/\/www.encontraitaquaquecetuba.com.br\/sobre\/#\/schema\/person\/a8a866dc746e447abf8ca22b02eae6ea\",\"name\":\"Encontra Itaquaquecetuba\",\"image\":{\"@type\":\"ImageObject\",\"inLanguage\":\"pt-BR\",\"@id\":\"https:\/\/www.encontraitaquaquecetuba.com.br\/sobre\/#\/schema\/person\/image\/\",\"url\":\"https:\/\/secure.gravatar.com\/avatar\/f007732be0d27cbf8a336929fe922478?s=96&d=mm&r=g\",\"contentUrl\":\"https:\/\/secure.gravatar.com\/avatar\/f007732be0d27cbf8a336929fe922478?s=96&d=mm&r=g\",\"caption\":\"Encontra Itaquaquecetuba\"},\"sameAs\":[\"http:\/\/www.encontraitaquaquecetuba.com.br\"],\"url\":\"https:\/\/www.encontraitaquaquecetuba.com.br\/sobre\/author\/eitaquaquecetuba\/\"}]}<\/script>\n<!-- \/ Yoast SEO plugin. -->","yoast_head_json":{"title":"Itaquaquecetuba apresenta a quadrilha junina da melhor idade - Encontra Itaquaquecetuba","robots":{"index":"index","follow":"follow","max-snippet":"max-snippet:-1","max-image-preview":"max-image-preview:large","max-video-preview":"max-video-preview:-1"},"canonical":"https:\/\/www.encontraitaquaquecetuba.com.br\/sobre\/itaquaquecetuba-apresenta-a-quadrilha-junina-da-melhor-idade\/","og_locale":"pt_BR","og_type":"article","og_title":"Itaquaquecetuba apresenta a quadrilha junina da melhor idade - Encontra Itaquaquecetuba","og_description":"Tendo em vista os festejos t\u00edpicos desta \u00e9poca, o Ponto de Cultura na Pra\u00e7a apresentou nesta quarta-feira, 27, a quadrilha junina do grupo da Melhor Idade &#8211; Projeto Ser Feliz no Parque. Como de costume, o evento foi realizado na Pra\u00e7a Padre Jo\u00e3o \u00c1lvares, no centro da cidade Itaquaquecetuba, sendo apresentado por Maria Ana Rosa (a Nena). A empolga\u00e7\u00e3o tomou conta do p\u00fablico que passava pelo local no momento da apresenta\u00e7\u00e3o.\u00a0A quadrilha junina, formada por cerca de 20 casais, foi coreografada por Ailton Silva e puxada por Dulcin\u00e9ia da Silva. Al\u00e9m dos integrantes do grupo da \u201cMelhor Idade\u201d, alguns servidores","og_url":"https:\/\/www.encontraitaquaquecetuba.com.br\/sobre\/itaquaquecetuba-apresenta-a-quadrilha-junina-da-melhor-idade\/","og_site_name":"Encontra Itaquaquecetuba","article_published_time":"2011-07-28T19:12:32+00:00","article_modified_time":"2021-09-13T15:22:12+00:00","author":"Encontra Itaquaquecetuba","twitter_card":"summary_large_image","twitter_misc":{"Escrito por":"Encontra Itaquaquecetuba","Est. tempo de leitura":"1 minuto"},"schema":{"@context":"https:\/\/schema.org","@graph":[{"@type":"WebPage","@id":"https:\/\/www.encontraitaquaquecetuba.com.br\/sobre\/itaquaquecetuba-apresenta-a-quadrilha-junina-da-melhor-idade\/","url":"https:\/\/www.encontraitaquaquecetuba.com.br\/sobre\/itaquaquecetuba-apresenta-a-quadrilha-junina-da-melhor-idade\/","name":"Itaquaquecetuba apresenta a quadrilha junina da melhor idade - Encontra Itaquaquecetuba","isPartOf":{"@id":"https:\/\/www.encontraitaquaquecetuba.com.br\/sobre\/#website"},"datePublished":"2011-07-28T19:12:32+00:00","dateModified":"2021-09-13T15:22:12+00:00","author":{"@id":"https:\/\/www.encontraitaquaquecetuba.com.br\/sobre\/#\/schema\/person\/a8a866dc746e447abf8ca22b02eae6ea"},"breadcrumb":{"@id":"https:\/\/www.encontraitaquaquecetuba.com.br\/sobre\/itaquaquecetuba-apresenta-a-quadrilha-junina-da-melhor-idade\/#breadcrumb"},"inLanguage":"pt-BR","potentialAction":[{"@type":"ReadAction","target":["https:\/\/www.encontraitaquaquecetuba.com.br\/sobre\/itaquaquecetuba-apresenta-a-quadrilha-junina-da-melhor-idade\/"]}]},{"@type":"BreadcrumbList","@id":"https:\/\/www.encontraitaquaquecetuba.com.br\/sobre\/itaquaquecetuba-apresenta-a-quadrilha-junina-da-melhor-idade\/#breadcrumb","itemListElement":[{"@type":"ListItem","position":1,"name":"In\u00edcio","item":"https:\/\/www.encontraitaquaquecetuba.com.br\/sobre\/"},{"@type":"ListItem","position":2,"name":"Itaquaquecetuba apresenta a quadrilha junina da melhor idade"}]},{"@type":"WebSite","@id":"https:\/\/www.encontraitaquaquecetuba.com.br\/sobre\/#website","url":"https:\/\/www.encontraitaquaquecetuba.com.br\/sobre\/","name":"Encontra Itaquaquecetuba","description":"Not\u00edcias, eventos, informa\u00e7\u00f5es e dicas na cidade de Itaquaquecetuba e regi\u00e3o","potentialAction":[{"@type":"SearchAction","target":{"@type":"EntryPoint","urlTemplate":"https:\/\/www.encontraitaquaquecetuba.com.br\/sobre\/?s={search_term_string}"},"query-input":"required name=search_term_string"}],"inLanguage":"pt-BR"},{"@type":"Person","@id":"https:\/\/www.encontraitaquaquecetuba.com.br\/sobre\/#\/schema\/person\/a8a866dc746e447abf8ca22b02eae6ea","name":"Encontra Itaquaquecetuba","image":{"@type":"ImageObject","inLanguage":"pt-BR","@id":"https:\/\/www.encontraitaquaquecetuba.com.br\/sobre\/#\/schema\/person\/image\/","url":"https:\/\/secure.gravatar.com\/avatar\/f007732be0d27cbf8a336929fe922478?s=96&d=mm&r=g","contentUrl":"https:\/\/secure.gravatar.com\/avatar\/f007732be0d27cbf8a336929fe922478?s=96&d=mm&r=g","caption":"Encontra Itaquaquecetuba"},"sameAs":["http:\/\/www.encontraitaquaquecetuba.com.br"],"url":"https:\/\/www.encontraitaquaquecetuba.com.br\/sobre\/author\/eitaquaquecetuba\/"}]}},"_links":{"self":[{"href":"https:\/\/www.encontraitaquaquecetuba.com.br\/sobre\/wp-json\/wp\/v2\/posts\/92"}],"collection":[{"href":"https:\/\/www.encontraitaquaquecetuba.com.br\/sobre\/wp-json\/wp\/v2\/posts"}],"about":[{"href":"https:\/\/www.encontraitaquaquecetuba.com.br\/sobre\/wp-json\/wp\/v2\/types\/post"}],"author":[{"embeddable":true,"href":"https:\/\/www.encontraitaquaquecetuba.com.br\/sobre\/wp-json\/wp\/v2\/users\/1"}],"replies":[{"embeddable":true,"href":"https:\/\/www.encontraitaquaquecetuba.com.br\/sobre\/wp-json\/wp\/v2\/comments?post=92"}],"version-history":[{"count":0,"href":"https:\/\/www.encontraitaquaquecetuba.com.br\/sobre\/wp-json\/wp\/v2\/posts\/92\/revisions"}],"wp:attachment":[{"href":"https:\/\/www.encontraitaquaquecetuba.com.br\/sobre\/wp-json\/wp\/v2\/media?parent=92"}],"wp:term":[{"taxonomy":"category","embeddable":true,"href":"https:\/\/www.encontraitaquaquecetuba.com.br\/sobre\/wp-json\/wp\/v2\/categories?post=92"},{"taxonomy":"post_tag","embeddable":true,"href":"https:\/\/www.encontraitaquaquecetuba.com.br\/sobre\/wp-json\/wp\/v2\/tags?post=92"}],"curies":[{"name":"wp","href":"https:\/\/api.w.org\/{rel}","templated":true}]}}