{"id":925,"date":"2013-01-15T18:21:46","date_gmt":"2013-01-15T18:21:46","guid":{"rendered":"http:\/\/www.encontraitaquaquecetuba.com.br\/noticias\/?p=925"},"modified":"2013-08-14T04:51:06","modified_gmt":"2013-08-14T04:51:06","slug":"justica-ouve-testemunhas-do-caso-serial-killer-de-itaquaquecetuba","status":"publish","type":"post","link":"https:\/\/www.encontraitaquaquecetuba.com.br\/sobre\/justica-ouve-testemunhas-do-caso-serial-killer-de-itaquaquecetuba\/","title":{"rendered":"Justi\u00e7a ouve testemunhas do caso serial killer de Itaquaquecetuba"},"content":{"rendered":"<div class=\"80eb2665678f8e3864bb9a528523815b\" data-index=\"1\" style=\"float: none; margin:5px 0 5px 0; text-align:center;\">\n<!-- PUB 73 - Responsivo Horizontal -->\r\n<ins class=\"adsbygoogle\"\r\n     style=\"display:block\"\r\n     data-ad-client=\"ca-pub-7321736592693252\"\r\n     data-ad-slot=\"3087950420\"\r\n     data-ad-format=\"auto\"\r\n     data-full-width-responsive=\"true\"><\/ins>\r\n<script>\r\n     (adsbygoogle = window.adsbygoogle || []).push({});\r\n<\/script>\n<\/div>\n<p>A Justi\u00e7a de Itaquaquecetubarealizou a primeira audi\u00eancia de um caso que aterrorizou os moradores do munic\u00edpio, que fica na Regi\u00e3o Metropolitana de S\u00e3o Paulo: o caso dos assassinatos em s\u00e9rie que terminou com a morte de oito pessoas, entre os meses de outubro e dezembro de 2011.<\/p>\n<p>Nesta ter\u00e7a-feira, duas testemunhas do caso foram ouvidas pela Justi\u00e7a. Jeferson Soares, um sobrevivente do ataque do &#8216;serial killer&#8217; e a irm\u00e3 dele, que n\u00e3o teve a identidade revelada.<\/p>\n<p>A m\u00e3e de Jeferson o acompanhou at\u00e9 o F\u00f3rum de Itaquaquecetuba na primeira audi\u00eancia nesta ter\u00e7a-feira (15). &#8220;Ele era uma pessoa ativa, uma pessoa que andava normalmente. Para ele e para n\u00f3s essa situa\u00e7\u00e3o \u00e9 muito dificil. Temos que coloc\u00e1-lo em outra cadeira para tomar banho. Al\u00e9m disso, ele tem de usar fralda&#8221;, explica a m\u00e3e, Regina da Silva.<\/p>\n<p>Aos poucos os movimentos da perna de Jeferson est\u00e3o voltando. A lenta recupera\u00e7\u00e3o \u00e9 consequ\u00eancia de um dos tiros e da bala que continua alojada entre as vertebras. Por muito pouco, Jeferson n\u00e3o ficou parapl\u00e9gico. &#8220;O m\u00e9dico me deu um prazo de um ano para voltar a andar&#8221;, explica a v\u00edtima.<\/p>\n<p>O depoimento de Jeferson e a irm\u00e3 dele, ouvida como testemunha, marcam a fase de instru\u00e7\u00e3o do processo. Isso significa que para a pol\u00edcia o suspeito j\u00e1 \u00e9 considerado culpado. Falta agora convencer a Justi\u00e7a. Por isso, acusa\u00e7\u00e3o e defesa ser\u00e3o ouvidas. Somente depois dessa etapa \u00e9 que a Justi\u00e7a decide se Ronis de Oliveira Bastos, acusado de oito homic\u00eddios e duas tentativas vai a j\u00fari popular.<\/p>\n<p>Antes dos crimes, o acusado, que est\u00e1 preso desde o ano passado, n\u00e3o tinha passagem pela pol\u00edcia. Ele concertava celulares e contava ainda com uma autoriza\u00e7\u00e3o da prefeitura para trabalhar na feira. Segundo a pol\u00edcia, em dois meses ele deixou a vida comum para se tornar o principal suspeito de uma s\u00e9rie de crimes que aterrorizou a popula\u00e7\u00e3o de Itaquauquecetuba.<\/p>\n<p><em>Fonte: G1<\/em><\/p>\n\n<div style=\"font-size: 0px; height: 0px; line-height: 0px; margin: 0; padding: 0; clear: both;\"><\/div>","protected":false},"excerpt":{"rendered":"<p>A Justi\u00e7a de Itaquaquecetubarealizou a primeira audi\u00eancia de um caso que aterrorizou os moradores do munic\u00edpio, que fica na Regi\u00e3o Metropolitana de S\u00e3o Paulo: o caso dos assassinatos em s\u00e9rie que terminou com a morte de oito pessoas, entre os meses de outubro e dezembro de 2011. Nesta ter\u00e7a-feira, duas testemunhas do caso foram ouvidas pela Justi\u00e7a. Jeferson Soares, um sobrevivente do ataque do &#8216;serial killer&#8217; e a irm\u00e3 dele, que n\u00e3o teve a identidade revelada. A m\u00e3e de Jeferson o acompanhou at\u00e9 o F\u00f3rum de Itaquaquecetuba na primeira audi\u00eancia nesta ter\u00e7a-feira (15). &#8220;Ele era uma pessoa ativa, uma pessoa <\/p>\n","protected":false},"author":1,"featured_media":0,"comment_status":"open","ping_status":"open","sticky":false,"template":"","format":"standard","meta":[],"categories":[6],"tags":[],"yoast_head":"<!-- This site is optimized with the Yoast SEO plugin v19.6.1 - https:\/\/yoast.com\/wordpress\/plugins\/seo\/ -->\n<title>Justi\u00e7a ouve testemunhas do caso serial killer de Itaquaquecetuba - Encontra Itaquaquecetuba<\/title>\n<meta name=\"robots\" content=\"index, follow, max-snippet:-1, max-image-preview:large, max-video-preview:-1\" \/>\n<link rel=\"canonical\" href=\"https:\/\/www.encontraitaquaquecetuba.com.br\/sobre\/justica-ouve-testemunhas-do-caso-serial-killer-de-itaquaquecetuba\/\" \/>\n<meta property=\"og:locale\" content=\"pt_BR\" \/>\n<meta property=\"og:type\" content=\"article\" \/>\n<meta property=\"og:title\" content=\"Justi\u00e7a ouve testemunhas do caso serial killer de Itaquaquecetuba - Encontra Itaquaquecetuba\" \/>\n<meta property=\"og:description\" content=\"A Justi\u00e7a de Itaquaquecetubarealizou a primeira audi\u00eancia de um caso que aterrorizou os moradores do munic\u00edpio, que fica na Regi\u00e3o Metropolitana de S\u00e3o Paulo: o caso dos assassinatos em s\u00e9rie que terminou com a morte de oito pessoas, entre os meses de outubro e dezembro de 2011. Nesta ter\u00e7a-feira, duas testemunhas do caso foram ouvidas pela Justi\u00e7a. Jeferson Soares, um sobrevivente do ataque do &#8216;serial killer&#8217; e a irm\u00e3 dele, que n\u00e3o teve a identidade revelada. A m\u00e3e de Jeferson o acompanhou at\u00e9 o F\u00f3rum de Itaquaquecetuba na primeira audi\u00eancia nesta ter\u00e7a-feira (15). &#8220;Ele era uma pessoa ativa, uma pessoa\" \/>\n<meta property=\"og:url\" content=\"https:\/\/www.encontraitaquaquecetuba.com.br\/sobre\/justica-ouve-testemunhas-do-caso-serial-killer-de-itaquaquecetuba\/\" \/>\n<meta property=\"og:site_name\" content=\"Encontra Itaquaquecetuba\" \/>\n<meta property=\"article:published_time\" content=\"2013-01-15T18:21:46+00:00\" \/>\n<meta property=\"article:modified_time\" content=\"2013-08-14T04:51:06+00:00\" \/>\n<meta name=\"author\" content=\"Encontra Itaquaquecetuba\" \/>\n<meta name=\"twitter:card\" content=\"summary_large_image\" \/>\n<meta name=\"twitter:label1\" content=\"Escrito por\" \/>\n\t<meta name=\"twitter:data1\" content=\"Encontra Itaquaquecetuba\" \/>\n\t<meta name=\"twitter:label2\" content=\"Est. tempo de leitura\" \/>\n\t<meta name=\"twitter:data2\" content=\"2 minutos\" \/>\n<script type=\"application\/ld+json\" class=\"yoast-schema-graph\">{\"@context\":\"https:\/\/schema.org\",\"@graph\":[{\"@type\":\"WebPage\",\"@id\":\"https:\/\/www.encontraitaquaquecetuba.com.br\/sobre\/justica-ouve-testemunhas-do-caso-serial-killer-de-itaquaquecetuba\/\",\"url\":\"https:\/\/www.encontraitaquaquecetuba.com.br\/sobre\/justica-ouve-testemunhas-do-caso-serial-killer-de-itaquaquecetuba\/\",\"name\":\"Justi\u00e7a ouve testemunhas do caso serial killer de Itaquaquecetuba - Encontra Itaquaquecetuba\",\"isPartOf\":{\"@id\":\"https:\/\/www.encontraitaquaquecetuba.com.br\/sobre\/#website\"},\"datePublished\":\"2013-01-15T18:21:46+00:00\",\"dateModified\":\"2013-08-14T04:51:06+00:00\",\"author\":{\"@id\":\"https:\/\/www.encontraitaquaquecetuba.com.br\/sobre\/#\/schema\/person\/a8a866dc746e447abf8ca22b02eae6ea\"},\"breadcrumb\":{\"@id\":\"https:\/\/www.encontraitaquaquecetuba.com.br\/sobre\/justica-ouve-testemunhas-do-caso-serial-killer-de-itaquaquecetuba\/#breadcrumb\"},\"inLanguage\":\"pt-BR\",\"potentialAction\":[{\"@type\":\"ReadAction\",\"target\":[\"https:\/\/www.encontraitaquaquecetuba.com.br\/sobre\/justica-ouve-testemunhas-do-caso-serial-killer-de-itaquaquecetuba\/\"]}]},{\"@type\":\"BreadcrumbList\",\"@id\":\"https:\/\/www.encontraitaquaquecetuba.com.br\/sobre\/justica-ouve-testemunhas-do-caso-serial-killer-de-itaquaquecetuba\/#breadcrumb\",\"itemListElement\":[{\"@type\":\"ListItem\",\"position\":1,\"name\":\"In\u00edcio\",\"item\":\"https:\/\/www.encontraitaquaquecetuba.com.br\/sobre\/\"},{\"@type\":\"ListItem\",\"position\":2,\"name\":\"Justi\u00e7a ouve testemunhas do caso serial killer de Itaquaquecetuba\"}]},{\"@type\":\"WebSite\",\"@id\":\"https:\/\/www.encontraitaquaquecetuba.com.br\/sobre\/#website\",\"url\":\"https:\/\/www.encontraitaquaquecetuba.com.br\/sobre\/\",\"name\":\"Encontra Itaquaquecetuba\",\"description\":\"Not\u00edcias, eventos, informa\u00e7\u00f5es e dicas na cidade de Itaquaquecetuba e regi\u00e3o\",\"potentialAction\":[{\"@type\":\"SearchAction\",\"target\":{\"@type\":\"EntryPoint\",\"urlTemplate\":\"https:\/\/www.encontraitaquaquecetuba.com.br\/sobre\/?s={search_term_string}\"},\"query-input\":\"required name=search_term_string\"}],\"inLanguage\":\"pt-BR\"},{\"@type\":\"Person\",\"@id\":\"https:\/\/www.encontraitaquaquecetuba.com.br\/sobre\/#\/schema\/person\/a8a866dc746e447abf8ca22b02eae6ea\",\"name\":\"Encontra Itaquaquecetuba\",\"image\":{\"@type\":\"ImageObject\",\"inLanguage\":\"pt-BR\",\"@id\":\"https:\/\/www.encontraitaquaquecetuba.com.br\/sobre\/#\/schema\/person\/image\/\",\"url\":\"https:\/\/secure.gravatar.com\/avatar\/f007732be0d27cbf8a336929fe922478?s=96&d=mm&r=g\",\"contentUrl\":\"https:\/\/secure.gravatar.com\/avatar\/f007732be0d27cbf8a336929fe922478?s=96&d=mm&r=g\",\"caption\":\"Encontra Itaquaquecetuba\"},\"sameAs\":[\"http:\/\/www.encontraitaquaquecetuba.com.br\"],\"url\":\"https:\/\/www.encontraitaquaquecetuba.com.br\/sobre\/author\/eitaquaquecetuba\/\"}]}<\/script>\n<!-- \/ Yoast SEO plugin. -->","yoast_head_json":{"title":"Justi\u00e7a ouve testemunhas do caso serial killer de Itaquaquecetuba - Encontra Itaquaquecetuba","robots":{"index":"index","follow":"follow","max-snippet":"max-snippet:-1","max-image-preview":"max-image-preview:large","max-video-preview":"max-video-preview:-1"},"canonical":"https:\/\/www.encontraitaquaquecetuba.com.br\/sobre\/justica-ouve-testemunhas-do-caso-serial-killer-de-itaquaquecetuba\/","og_locale":"pt_BR","og_type":"article","og_title":"Justi\u00e7a ouve testemunhas do caso serial killer de Itaquaquecetuba - Encontra Itaquaquecetuba","og_description":"A Justi\u00e7a de Itaquaquecetubarealizou a primeira audi\u00eancia de um caso que aterrorizou os moradores do munic\u00edpio, que fica na Regi\u00e3o Metropolitana de S\u00e3o Paulo: o caso dos assassinatos em s\u00e9rie que terminou com a morte de oito pessoas, entre os meses de outubro e dezembro de 2011. Nesta ter\u00e7a-feira, duas testemunhas do caso foram ouvidas pela Justi\u00e7a. Jeferson Soares, um sobrevivente do ataque do &#8216;serial killer&#8217; e a irm\u00e3 dele, que n\u00e3o teve a identidade revelada. A m\u00e3e de Jeferson o acompanhou at\u00e9 o F\u00f3rum de Itaquaquecetuba na primeira audi\u00eancia nesta ter\u00e7a-feira (15). &#8220;Ele era uma pessoa ativa, uma pessoa","og_url":"https:\/\/www.encontraitaquaquecetuba.com.br\/sobre\/justica-ouve-testemunhas-do-caso-serial-killer-de-itaquaquecetuba\/","og_site_name":"Encontra Itaquaquecetuba","article_published_time":"2013-01-15T18:21:46+00:00","article_modified_time":"2013-08-14T04:51:06+00:00","author":"Encontra Itaquaquecetuba","twitter_card":"summary_large_image","twitter_misc":{"Escrito por":"Encontra Itaquaquecetuba","Est. tempo de leitura":"2 minutos"},"schema":{"@context":"https:\/\/schema.org","@graph":[{"@type":"WebPage","@id":"https:\/\/www.encontraitaquaquecetuba.com.br\/sobre\/justica-ouve-testemunhas-do-caso-serial-killer-de-itaquaquecetuba\/","url":"https:\/\/www.encontraitaquaquecetuba.com.br\/sobre\/justica-ouve-testemunhas-do-caso-serial-killer-de-itaquaquecetuba\/","name":"Justi\u00e7a ouve testemunhas do caso serial killer de Itaquaquecetuba - Encontra Itaquaquecetuba","isPartOf":{"@id":"https:\/\/www.encontraitaquaquecetuba.com.br\/sobre\/#website"},"datePublished":"2013-01-15T18:21:46+00:00","dateModified":"2013-08-14T04:51:06+00:00","author":{"@id":"https:\/\/www.encontraitaquaquecetuba.com.br\/sobre\/#\/schema\/person\/a8a866dc746e447abf8ca22b02eae6ea"},"breadcrumb":{"@id":"https:\/\/www.encontraitaquaquecetuba.com.br\/sobre\/justica-ouve-testemunhas-do-caso-serial-killer-de-itaquaquecetuba\/#breadcrumb"},"inLanguage":"pt-BR","potentialAction":[{"@type":"ReadAction","target":["https:\/\/www.encontraitaquaquecetuba.com.br\/sobre\/justica-ouve-testemunhas-do-caso-serial-killer-de-itaquaquecetuba\/"]}]},{"@type":"BreadcrumbList","@id":"https:\/\/www.encontraitaquaquecetuba.com.br\/sobre\/justica-ouve-testemunhas-do-caso-serial-killer-de-itaquaquecetuba\/#breadcrumb","itemListElement":[{"@type":"ListItem","position":1,"name":"In\u00edcio","item":"https:\/\/www.encontraitaquaquecetuba.com.br\/sobre\/"},{"@type":"ListItem","position":2,"name":"Justi\u00e7a ouve testemunhas do caso serial killer de Itaquaquecetuba"}]},{"@type":"WebSite","@id":"https:\/\/www.encontraitaquaquecetuba.com.br\/sobre\/#website","url":"https:\/\/www.encontraitaquaquecetuba.com.br\/sobre\/","name":"Encontra Itaquaquecetuba","description":"Not\u00edcias, eventos, informa\u00e7\u00f5es e dicas na cidade de Itaquaquecetuba e regi\u00e3o","potentialAction":[{"@type":"SearchAction","target":{"@type":"EntryPoint","urlTemplate":"https:\/\/www.encontraitaquaquecetuba.com.br\/sobre\/?s={search_term_string}"},"query-input":"required name=search_term_string"}],"inLanguage":"pt-BR"},{"@type":"Person","@id":"https:\/\/www.encontraitaquaquecetuba.com.br\/sobre\/#\/schema\/person\/a8a866dc746e447abf8ca22b02eae6ea","name":"Encontra Itaquaquecetuba","image":{"@type":"ImageObject","inLanguage":"pt-BR","@id":"https:\/\/www.encontraitaquaquecetuba.com.br\/sobre\/#\/schema\/person\/image\/","url":"https:\/\/secure.gravatar.com\/avatar\/f007732be0d27cbf8a336929fe922478?s=96&d=mm&r=g","contentUrl":"https:\/\/secure.gravatar.com\/avatar\/f007732be0d27cbf8a336929fe922478?s=96&d=mm&r=g","caption":"Encontra Itaquaquecetuba"},"sameAs":["http:\/\/www.encontraitaquaquecetuba.com.br"],"url":"https:\/\/www.encontraitaquaquecetuba.com.br\/sobre\/author\/eitaquaquecetuba\/"}]}},"_links":{"self":[{"href":"https:\/\/www.encontraitaquaquecetuba.com.br\/sobre\/wp-json\/wp\/v2\/posts\/925"}],"collection":[{"href":"https:\/\/www.encontraitaquaquecetuba.com.br\/sobre\/wp-json\/wp\/v2\/posts"}],"about":[{"href":"https:\/\/www.encontraitaquaquecetuba.com.br\/sobre\/wp-json\/wp\/v2\/types\/post"}],"author":[{"embeddable":true,"href":"https:\/\/www.encontraitaquaquecetuba.com.br\/sobre\/wp-json\/wp\/v2\/users\/1"}],"replies":[{"embeddable":true,"href":"https:\/\/www.encontraitaquaquecetuba.com.br\/sobre\/wp-json\/wp\/v2\/comments?post=925"}],"version-history":[{"count":0,"href":"https:\/\/www.encontraitaquaquecetuba.com.br\/sobre\/wp-json\/wp\/v2\/posts\/925\/revisions"}],"wp:attachment":[{"href":"https:\/\/www.encontraitaquaquecetuba.com.br\/sobre\/wp-json\/wp\/v2\/media?parent=925"}],"wp:term":[{"taxonomy":"category","embeddable":true,"href":"https:\/\/www.encontraitaquaquecetuba.com.br\/sobre\/wp-json\/wp\/v2\/categories?post=925"},{"taxonomy":"post_tag","embeddable":true,"href":"https:\/\/www.encontraitaquaquecetuba.com.br\/sobre\/wp-json\/wp\/v2\/tags?post=925"}],"curies":[{"name":"wp","href":"https:\/\/api.w.org\/{rel}","templated":true}]}}