{"id":955,"date":"2013-02-14T14:06:53","date_gmt":"2013-02-14T14:06:53","guid":{"rendered":"http:\/\/www.encontraitaquaquecetuba.com.br\/noticias\/?p=955"},"modified":"2013-08-14T04:51:00","modified_gmt":"2013-08-14T04:51:00","slug":"pronto-socorro-de-itaquaquecetuba-reabrira-nesta-quinta-diz-prefeitura","status":"publish","type":"post","link":"https:\/\/www.encontraitaquaquecetuba.com.br\/sobre\/pronto-socorro-de-itaquaquecetuba-reabrira-nesta-quinta-diz-prefeitura\/","title":{"rendered":"Pronto-socorro de Itaquaquecetuba reabrir\u00e1 nesta quinta, diz prefeitura"},"content":{"rendered":"<div class=\"80eb2665678f8e3864bb9a528523815b\" data-index=\"1\" style=\"float: none; margin:5px 0 5px 0; text-align:center;\">\n<!-- PUB 73 - Responsivo Horizontal -->\r\n<ins class=\"adsbygoogle\"\r\n     style=\"display:block\"\r\n     data-ad-client=\"ca-pub-7321736592693252\"\r\n     data-ad-slot=\"3087950420\"\r\n     data-ad-format=\"auto\"\r\n     data-full-width-responsive=\"true\"><\/ins>\r\n<script>\r\n     (adsbygoogle = window.adsbygoogle || []).push({});\r\n<\/script>\n<\/div>\n<p>A <a title=\"Prefeitura de Itaquaquecetuba\" href=\"http:\/\/www.encontraitaquaquecetuba.com.br\/itaquaquecetuba\/prefeitura-itaquaquecetuba.shtml\" target=\"_blank\">Prefeitura de Itaquaquecetuba<\/a>, Regi\u00e3o Metropolitana de S\u00e3o Paulo, anunciou por meio de nota que o Pronto-Socorro Municipal reabrir\u00e1 as portas nesta quinta-feira (14). A informa\u00e7\u00e3o foi divulgada \u00e0 imprensa \u00e0s 18h51 desta quarta-feira (13). Desde a \u00faltima sexta-feira (8) o local est\u00e1 fechado por falta de m\u00e9dicos e os pacientes passam por breve avalia\u00e7\u00e3o na porta do pr\u00e9dio antes de ser encaminhados a outros hospitais.<\/p>\n<p>Ap\u00f3s se reunir com o corpo m\u00e9dico do hospital na cidade de Itaquaquecetuba, a Secretaria de Sa\u00fade levou um projeto de lei para a <a title=\"C\u00e2mara Municipal de Itaquaquecetuba\" href=\"http:\/\/www.encontraitaquaquecetuba.com.br\/itaquaquecetuba\/camara-municipal-de-itaquaquecetuba.shtml\" target=\"_blank\">C\u00e2mara Municipal de Itaquaquecetuba<\/a> instituindo uma gratifica\u00e7\u00e3o de at\u00e9 R$ 4 mil aos m\u00e9dicos. O projeto precisa ser aprovado pelo Legislativo para entrar em vigor.<\/p>\n<p>Segundo a prefeitura, \u201cv\u00e1rios profissionais j\u00e1 se prontificaram a retornar as atividades para garantir o atendimento da popula\u00e7\u00e3o de Itaquaquecetuba\u201d.<\/p>\n<p>\u201cAcredito que\u00a0 chegamos a um acordo com os profissionais do Pronto-Socorro e queremos deixar claro que essa gratifica\u00e7\u00e3o s\u00f3 acontecer\u00e1 por m\u00e9rito, para aqueles que mantiverem um bom trabalho, frequ\u00eancia e const\u00e2ncia no atendimento\u201d, afirma na nota o prefeito Mamoru Nakashima.<\/p>\n<p><strong>Aumento da demanda<\/strong><br \/>\nA Secretaria Estadual da Sa\u00fade informou nesta quarta-feira que houve aumento de 50% na procura por atendimento no pronto-socorro do Hospital Santa Marcelina por causa do fechamento do pronto-socorro do Hospital Municipal de Itaquaquecetuba. \u201cAssim como acontece em qualquer unidade de sa\u00fade, seja ela p\u00fablica ou privada, os casos urgentes, em que h\u00e1 risco de morte, s\u00e3o priorizados. Por\u00e9m, nenhum paciente deixa de receber atendimento no local\u201d, afirmou a secretaria em\u00a0 nota.<\/p>\n<p>A Secretaria de Estado da Sa\u00fade tamb\u00e9m informou que redirecionou um comunicado sobre um eventual aumento na demanda de atendimento aos hospitais da rede estadual, incluindo as sete unidades estaduais localizadas na regi\u00e3o do Alto Tiet\u00ea, e \u00e0 Central de Regula\u00e7\u00e3o de Ofertas de Servi\u00e7os de Sa\u00fade (Cross).<\/p>\n<p>A espera de casos sem urg\u00eancia, segundo a secretaria, \u00e9 de, em m\u00e9dia, uma hora.<\/p>\n<p><strong>Atendimento do lado de fora<\/strong><br \/>\nNesta quarta-feira (13), o atendimento aos pacientes era feito do lado de fora. Ao chegar, a pessoa passa primeiro pelas enfermeiras, depois, dependendo da situa\u00e7\u00e3o, pelos socorristas e, se necess\u00e1rio, pelo m\u00e9dico respons\u00e1vel pelo Servi\u00e7o de Atendimento M\u00f3vel de Urg\u00eancia (Samu).<\/p>\n<p>Desde segunda-feira, mais de 70 pessoas j\u00e1 foram atendidas em frente ao pronto-socorro.<\/p>\n<p>O m\u00e9dico coordenador da opera\u00e7\u00e3o provis\u00f3ria, Cl\u00e9ber Saiani, n\u00e3o faz consultas, nem d\u00e1 receitas, apenas avalia a gravidade dos pacientes que chegam. \u201cAqui damos o primeiro atendimento, classificamos a gravidade da situa\u00e7\u00e3o e encaminhamos para o\u00a0 Santa Marcelina. Aqui d\u00e1 para ver os sinais vitais, press\u00e3o e outros pequenos procedimentos. Mais do que isso fica complicado porque estamos dentro de um ambul\u00e2ncia, apenas\u201d, explica.<\/p>\n<p>A dona de casa Mar\u00edlia da Silva Costa precisava levar a filha ao pediatra com urg\u00eancia. Ela procurou o Santa Marcelina, mas n\u00e3o conseguiu atendimento r\u00e1pido. \u201cVou ter que correr para Guarulhos, fazer o que? Olha o jeito que ela est\u00e1 tossindo. A crian\u00e7a n\u00e3o pode esperar\u201d, afirma.<\/p>\n<p><strong>Prefeitura<\/strong><br \/>\nSegundo a Prefeitura de Itaquaquecetuba, o pronto-socorro foi inaugurado em setembro do ano passado, mas sem m\u00e9dicos suficientes para atender a popula\u00e7\u00e3o. Na \u00faltima sexta-feira as portas foram fechadas e tudo deve continuar assim at\u00e9 a contrata\u00e7\u00e3o desses profissionais.<br \/>\n\u201cO problema \u00e9 o sal\u00e1rio, mas quem aceitar fazer plant\u00f5es no Pronto Socorro ter\u00e1 aumento de 137%\u201d, afirma a secret\u00e1ria municipal de S\u00e1ude, Maria Jos\u00e9 Pereira Zago.<\/p>\n<p><em>Fonte: G1<\/em><\/p>\n\n<div style=\"font-size: 0px; height: 0px; line-height: 0px; margin: 0; padding: 0; clear: both;\"><\/div>","protected":false},"excerpt":{"rendered":"<p>A Prefeitura de Itaquaquecetuba, Regi\u00e3o Metropolitana de S\u00e3o Paulo, anunciou por meio de nota que o Pronto-Socorro Municipal reabrir\u00e1 as portas nesta quinta-feira (14). A informa\u00e7\u00e3o foi divulgada \u00e0 imprensa \u00e0s 18h51 desta quarta-feira (13). Desde a \u00faltima sexta-feira (8) o local est\u00e1 fechado por falta de m\u00e9dicos e os pacientes passam por breve avalia\u00e7\u00e3o na porta do pr\u00e9dio antes de ser encaminhados a outros hospitais. Ap\u00f3s se reunir com o corpo m\u00e9dico do hospital na cidade de Itaquaquecetuba, a Secretaria de Sa\u00fade levou um projeto de lei para a C\u00e2mara Municipal de Itaquaquecetuba instituindo uma gratifica\u00e7\u00e3o de at\u00e9 R$ <\/p>\n","protected":false},"author":1,"featured_media":0,"comment_status":"open","ping_status":"open","sticky":false,"template":"","format":"standard","meta":[],"categories":[6],"tags":[],"yoast_head":"<!-- This site is optimized with the Yoast SEO plugin v19.6.1 - https:\/\/yoast.com\/wordpress\/plugins\/seo\/ -->\n<title>Pronto-socorro de Itaquaquecetuba reabrir\u00e1 nesta quinta, diz prefeitura - Encontra Itaquaquecetuba<\/title>\n<meta name=\"robots\" content=\"index, follow, max-snippet:-1, max-image-preview:large, max-video-preview:-1\" \/>\n<link rel=\"canonical\" href=\"https:\/\/www.encontraitaquaquecetuba.com.br\/sobre\/pronto-socorro-de-itaquaquecetuba-reabrira-nesta-quinta-diz-prefeitura\/\" \/>\n<meta property=\"og:locale\" content=\"pt_BR\" \/>\n<meta property=\"og:type\" content=\"article\" \/>\n<meta property=\"og:title\" content=\"Pronto-socorro de Itaquaquecetuba reabrir\u00e1 nesta quinta, diz prefeitura - Encontra Itaquaquecetuba\" \/>\n<meta property=\"og:description\" content=\"A Prefeitura de Itaquaquecetuba, Regi\u00e3o Metropolitana de S\u00e3o Paulo, anunciou por meio de nota que o Pronto-Socorro Municipal reabrir\u00e1 as portas nesta quinta-feira (14). A informa\u00e7\u00e3o foi divulgada \u00e0 imprensa \u00e0s 18h51 desta quarta-feira (13). Desde a \u00faltima sexta-feira (8) o local est\u00e1 fechado por falta de m\u00e9dicos e os pacientes passam por breve avalia\u00e7\u00e3o na porta do pr\u00e9dio antes de ser encaminhados a outros hospitais. Ap\u00f3s se reunir com o corpo m\u00e9dico do hospital na cidade de Itaquaquecetuba, a Secretaria de Sa\u00fade levou um projeto de lei para a C\u00e2mara Municipal de Itaquaquecetuba instituindo uma gratifica\u00e7\u00e3o de at\u00e9 R$\" \/>\n<meta property=\"og:url\" content=\"https:\/\/www.encontraitaquaquecetuba.com.br\/sobre\/pronto-socorro-de-itaquaquecetuba-reabrira-nesta-quinta-diz-prefeitura\/\" \/>\n<meta property=\"og:site_name\" content=\"Encontra Itaquaquecetuba\" \/>\n<meta property=\"article:published_time\" content=\"2013-02-14T14:06:53+00:00\" \/>\n<meta property=\"article:modified_time\" content=\"2013-08-14T04:51:00+00:00\" \/>\n<meta name=\"author\" content=\"Encontra Itaquaquecetuba\" \/>\n<meta name=\"twitter:card\" content=\"summary_large_image\" \/>\n<meta name=\"twitter:label1\" content=\"Escrito por\" \/>\n\t<meta name=\"twitter:data1\" content=\"Encontra Itaquaquecetuba\" \/>\n\t<meta name=\"twitter:label2\" content=\"Est. tempo de leitura\" \/>\n\t<meta name=\"twitter:data2\" content=\"3 minutos\" \/>\n<script type=\"application\/ld+json\" class=\"yoast-schema-graph\">{\"@context\":\"https:\/\/schema.org\",\"@graph\":[{\"@type\":\"WebPage\",\"@id\":\"https:\/\/www.encontraitaquaquecetuba.com.br\/sobre\/pronto-socorro-de-itaquaquecetuba-reabrira-nesta-quinta-diz-prefeitura\/\",\"url\":\"https:\/\/www.encontraitaquaquecetuba.com.br\/sobre\/pronto-socorro-de-itaquaquecetuba-reabrira-nesta-quinta-diz-prefeitura\/\",\"name\":\"Pronto-socorro de Itaquaquecetuba reabrir\u00e1 nesta quinta, diz prefeitura - Encontra Itaquaquecetuba\",\"isPartOf\":{\"@id\":\"https:\/\/www.encontraitaquaquecetuba.com.br\/sobre\/#website\"},\"datePublished\":\"2013-02-14T14:06:53+00:00\",\"dateModified\":\"2013-08-14T04:51:00+00:00\",\"author\":{\"@id\":\"https:\/\/www.encontraitaquaquecetuba.com.br\/sobre\/#\/schema\/person\/a8a866dc746e447abf8ca22b02eae6ea\"},\"breadcrumb\":{\"@id\":\"https:\/\/www.encontraitaquaquecetuba.com.br\/sobre\/pronto-socorro-de-itaquaquecetuba-reabrira-nesta-quinta-diz-prefeitura\/#breadcrumb\"},\"inLanguage\":\"pt-BR\",\"potentialAction\":[{\"@type\":\"ReadAction\",\"target\":[\"https:\/\/www.encontraitaquaquecetuba.com.br\/sobre\/pronto-socorro-de-itaquaquecetuba-reabrira-nesta-quinta-diz-prefeitura\/\"]}]},{\"@type\":\"BreadcrumbList\",\"@id\":\"https:\/\/www.encontraitaquaquecetuba.com.br\/sobre\/pronto-socorro-de-itaquaquecetuba-reabrira-nesta-quinta-diz-prefeitura\/#breadcrumb\",\"itemListElement\":[{\"@type\":\"ListItem\",\"position\":1,\"name\":\"In\u00edcio\",\"item\":\"https:\/\/www.encontraitaquaquecetuba.com.br\/sobre\/\"},{\"@type\":\"ListItem\",\"position\":2,\"name\":\"Pronto-socorro de Itaquaquecetuba reabrir\u00e1 nesta quinta, diz prefeitura\"}]},{\"@type\":\"WebSite\",\"@id\":\"https:\/\/www.encontraitaquaquecetuba.com.br\/sobre\/#website\",\"url\":\"https:\/\/www.encontraitaquaquecetuba.com.br\/sobre\/\",\"name\":\"Encontra Itaquaquecetuba\",\"description\":\"Not\u00edcias, eventos, informa\u00e7\u00f5es e dicas na cidade de Itaquaquecetuba e regi\u00e3o\",\"potentialAction\":[{\"@type\":\"SearchAction\",\"target\":{\"@type\":\"EntryPoint\",\"urlTemplate\":\"https:\/\/www.encontraitaquaquecetuba.com.br\/sobre\/?s={search_term_string}\"},\"query-input\":\"required name=search_term_string\"}],\"inLanguage\":\"pt-BR\"},{\"@type\":\"Person\",\"@id\":\"https:\/\/www.encontraitaquaquecetuba.com.br\/sobre\/#\/schema\/person\/a8a866dc746e447abf8ca22b02eae6ea\",\"name\":\"Encontra Itaquaquecetuba\",\"image\":{\"@type\":\"ImageObject\",\"inLanguage\":\"pt-BR\",\"@id\":\"https:\/\/www.encontraitaquaquecetuba.com.br\/sobre\/#\/schema\/person\/image\/\",\"url\":\"https:\/\/secure.gravatar.com\/avatar\/f007732be0d27cbf8a336929fe922478?s=96&d=mm&r=g\",\"contentUrl\":\"https:\/\/secure.gravatar.com\/avatar\/f007732be0d27cbf8a336929fe922478?s=96&d=mm&r=g\",\"caption\":\"Encontra Itaquaquecetuba\"},\"sameAs\":[\"http:\/\/www.encontraitaquaquecetuba.com.br\"],\"url\":\"https:\/\/www.encontraitaquaquecetuba.com.br\/sobre\/author\/eitaquaquecetuba\/\"}]}<\/script>\n<!-- \/ Yoast SEO plugin. -->","yoast_head_json":{"title":"Pronto-socorro de Itaquaquecetuba reabrir\u00e1 nesta quinta, diz prefeitura - Encontra Itaquaquecetuba","robots":{"index":"index","follow":"follow","max-snippet":"max-snippet:-1","max-image-preview":"max-image-preview:large","max-video-preview":"max-video-preview:-1"},"canonical":"https:\/\/www.encontraitaquaquecetuba.com.br\/sobre\/pronto-socorro-de-itaquaquecetuba-reabrira-nesta-quinta-diz-prefeitura\/","og_locale":"pt_BR","og_type":"article","og_title":"Pronto-socorro de Itaquaquecetuba reabrir\u00e1 nesta quinta, diz prefeitura - Encontra Itaquaquecetuba","og_description":"A Prefeitura de Itaquaquecetuba, Regi\u00e3o Metropolitana de S\u00e3o Paulo, anunciou por meio de nota que o Pronto-Socorro Municipal reabrir\u00e1 as portas nesta quinta-feira (14). A informa\u00e7\u00e3o foi divulgada \u00e0 imprensa \u00e0s 18h51 desta quarta-feira (13). Desde a \u00faltima sexta-feira (8) o local est\u00e1 fechado por falta de m\u00e9dicos e os pacientes passam por breve avalia\u00e7\u00e3o na porta do pr\u00e9dio antes de ser encaminhados a outros hospitais. Ap\u00f3s se reunir com o corpo m\u00e9dico do hospital na cidade de Itaquaquecetuba, a Secretaria de Sa\u00fade levou um projeto de lei para a C\u00e2mara Municipal de Itaquaquecetuba instituindo uma gratifica\u00e7\u00e3o de at\u00e9 R$","og_url":"https:\/\/www.encontraitaquaquecetuba.com.br\/sobre\/pronto-socorro-de-itaquaquecetuba-reabrira-nesta-quinta-diz-prefeitura\/","og_site_name":"Encontra Itaquaquecetuba","article_published_time":"2013-02-14T14:06:53+00:00","article_modified_time":"2013-08-14T04:51:00+00:00","author":"Encontra Itaquaquecetuba","twitter_card":"summary_large_image","twitter_misc":{"Escrito por":"Encontra Itaquaquecetuba","Est. tempo de leitura":"3 minutos"},"schema":{"@context":"https:\/\/schema.org","@graph":[{"@type":"WebPage","@id":"https:\/\/www.encontraitaquaquecetuba.com.br\/sobre\/pronto-socorro-de-itaquaquecetuba-reabrira-nesta-quinta-diz-prefeitura\/","url":"https:\/\/www.encontraitaquaquecetuba.com.br\/sobre\/pronto-socorro-de-itaquaquecetuba-reabrira-nesta-quinta-diz-prefeitura\/","name":"Pronto-socorro de Itaquaquecetuba reabrir\u00e1 nesta quinta, diz prefeitura - Encontra Itaquaquecetuba","isPartOf":{"@id":"https:\/\/www.encontraitaquaquecetuba.com.br\/sobre\/#website"},"datePublished":"2013-02-14T14:06:53+00:00","dateModified":"2013-08-14T04:51:00+00:00","author":{"@id":"https:\/\/www.encontraitaquaquecetuba.com.br\/sobre\/#\/schema\/person\/a8a866dc746e447abf8ca22b02eae6ea"},"breadcrumb":{"@id":"https:\/\/www.encontraitaquaquecetuba.com.br\/sobre\/pronto-socorro-de-itaquaquecetuba-reabrira-nesta-quinta-diz-prefeitura\/#breadcrumb"},"inLanguage":"pt-BR","potentialAction":[{"@type":"ReadAction","target":["https:\/\/www.encontraitaquaquecetuba.com.br\/sobre\/pronto-socorro-de-itaquaquecetuba-reabrira-nesta-quinta-diz-prefeitura\/"]}]},{"@type":"BreadcrumbList","@id":"https:\/\/www.encontraitaquaquecetuba.com.br\/sobre\/pronto-socorro-de-itaquaquecetuba-reabrira-nesta-quinta-diz-prefeitura\/#breadcrumb","itemListElement":[{"@type":"ListItem","position":1,"name":"In\u00edcio","item":"https:\/\/www.encontraitaquaquecetuba.com.br\/sobre\/"},{"@type":"ListItem","position":2,"name":"Pronto-socorro de Itaquaquecetuba reabrir\u00e1 nesta quinta, diz prefeitura"}]},{"@type":"WebSite","@id":"https:\/\/www.encontraitaquaquecetuba.com.br\/sobre\/#website","url":"https:\/\/www.encontraitaquaquecetuba.com.br\/sobre\/","name":"Encontra Itaquaquecetuba","description":"Not\u00edcias, eventos, informa\u00e7\u00f5es e dicas na cidade de Itaquaquecetuba e regi\u00e3o","potentialAction":[{"@type":"SearchAction","target":{"@type":"EntryPoint","urlTemplate":"https:\/\/www.encontraitaquaquecetuba.com.br\/sobre\/?s={search_term_string}"},"query-input":"required name=search_term_string"}],"inLanguage":"pt-BR"},{"@type":"Person","@id":"https:\/\/www.encontraitaquaquecetuba.com.br\/sobre\/#\/schema\/person\/a8a866dc746e447abf8ca22b02eae6ea","name":"Encontra Itaquaquecetuba","image":{"@type":"ImageObject","inLanguage":"pt-BR","@id":"https:\/\/www.encontraitaquaquecetuba.com.br\/sobre\/#\/schema\/person\/image\/","url":"https:\/\/secure.gravatar.com\/avatar\/f007732be0d27cbf8a336929fe922478?s=96&d=mm&r=g","contentUrl":"https:\/\/secure.gravatar.com\/avatar\/f007732be0d27cbf8a336929fe922478?s=96&d=mm&r=g","caption":"Encontra Itaquaquecetuba"},"sameAs":["http:\/\/www.encontraitaquaquecetuba.com.br"],"url":"https:\/\/www.encontraitaquaquecetuba.com.br\/sobre\/author\/eitaquaquecetuba\/"}]}},"_links":{"self":[{"href":"https:\/\/www.encontraitaquaquecetuba.com.br\/sobre\/wp-json\/wp\/v2\/posts\/955"}],"collection":[{"href":"https:\/\/www.encontraitaquaquecetuba.com.br\/sobre\/wp-json\/wp\/v2\/posts"}],"about":[{"href":"https:\/\/www.encontraitaquaquecetuba.com.br\/sobre\/wp-json\/wp\/v2\/types\/post"}],"author":[{"embeddable":true,"href":"https:\/\/www.encontraitaquaquecetuba.com.br\/sobre\/wp-json\/wp\/v2\/users\/1"}],"replies":[{"embeddable":true,"href":"https:\/\/www.encontraitaquaquecetuba.com.br\/sobre\/wp-json\/wp\/v2\/comments?post=955"}],"version-history":[{"count":0,"href":"https:\/\/www.encontraitaquaquecetuba.com.br\/sobre\/wp-json\/wp\/v2\/posts\/955\/revisions"}],"wp:attachment":[{"href":"https:\/\/www.encontraitaquaquecetuba.com.br\/sobre\/wp-json\/wp\/v2\/media?parent=955"}],"wp:term":[{"taxonomy":"category","embeddable":true,"href":"https:\/\/www.encontraitaquaquecetuba.com.br\/sobre\/wp-json\/wp\/v2\/categories?post=955"},{"taxonomy":"post_tag","embeddable":true,"href":"https:\/\/www.encontraitaquaquecetuba.com.br\/sobre\/wp-json\/wp\/v2\/tags?post=955"}],"curies":[{"name":"wp","href":"https:\/\/api.w.org\/{rel}","templated":true}]}}