{"id":981,"date":"2013-03-08T17:24:57","date_gmt":"2013-03-08T17:24:57","guid":{"rendered":"http:\/\/www.encontraitaquaquecetuba.com.br\/noticias\/?p=981"},"modified":"2013-08-14T04:50:58","modified_gmt":"2013-08-14T04:50:58","slug":"programa-sementinha-contempla-24-escolas-municipais-de-itaqua","status":"publish","type":"post","link":"https:\/\/www.encontraitaquaquecetuba.com.br\/sobre\/programa-sementinha-contempla-24-escolas-municipais-de-itaqua\/","title":{"rendered":"Programa Sementinha contempla 24 escolas municipais de Itaqu\u00e1"},"content":{"rendered":"<div class=\"80eb2665678f8e3864bb9a528523815b\" data-index=\"1\" style=\"float: none; margin:5px 0 5px 0; text-align:center;\">\n<!-- PUB 73 - Responsivo Horizontal -->\r\n<ins class=\"adsbygoogle\"\r\n     style=\"display:block\"\r\n     data-ad-client=\"ca-pub-7321736592693252\"\r\n     data-ad-slot=\"3087950420\"\r\n     data-ad-format=\"auto\"\r\n     data-full-width-responsive=\"true\"><\/ins>\r\n<script>\r\n     (adsbygoogle = window.adsbygoogle || []).push({});\r\n<\/script>\n<\/div>\n<p>As Secretarias de Educa\u00e7\u00e3o e Seguran\u00e7a na cidade de Itaquaquecetuba, atrav\u00e9s da Guarda Civil Municipal (GCM), firmaram parceria para desenvolver o Programa Sementinha do Grupo Unido de Apoio na A\u00e7\u00e3o de Resist\u00eancia \u00e0s Drogas, Guard. Esse trabalho \u00e9 coordenado pelos guardas: Anderson Cortez Ferreira, Ramiro Garcia, Rodrigo Perri da Silva, Jussara dos Santos Ramos e Nicodemos Pereira da Silva.<\/p>\n<p>No primeiro semestre deste ano ser\u00e3o contempladas pelo projeto as seguintes escolas municipais: Dr. Jos\u00e9 de Freitas Mendon\u00e7a; Vice-Prefeito Juraci Marchioni; Joaquim Perp\u00e9tuo; Professor Michel Alves de Souza; Isabel Alves do Prado; Jornalista Roberto Marinho; Dona Ant\u00f4nia Cicone; Orlando Bento da Silva; Vice-Prefeito Alfredo Gon\u00e7alves F. da Silva; Village; Prof\u00aa. Roseli Aparecida Mendes e Shozayemon Setokuchi.<br \/>\nO objetivo do trabalho \u00e9 orientar as crian\u00e7as, adolescentes e adultos. Mostrar os preju\u00edzos que as drogas causam e ensinar as habilidades necess\u00e1rias para os alunos se manterem longe desse mal. Durante as aulas h\u00e1 atividades de motiva\u00e7\u00e3o e tamb\u00e9m dicas sobre como evitar o ass\u00e9dio de usu\u00e1rios e traficantes de drogas. O Programa \u00e9 desenvolvido em sala de aula e ministrado para os alunos do 5\u00ba ano. No final do curso as crian\u00e7as receber\u00e3o um certificado de participa\u00e7\u00e3o.<\/p>\n<p>Al\u00e9m de contribuir para a constru\u00e7\u00e3o de uma sociedade mais segura os GCMs de Itaquaquecetuba se esfor\u00e7am para atender a popula\u00e7\u00e3o, com Programas como este de preven\u00e7\u00e3o \u00e0s drogas, e criar novos projetos em prol do desenvolvimento social.<\/p>\n<p>A meta do Guard \u00e9 atender no primeiro semestre 873 alunos e no segundo 1113. O grupo trabalhar\u00e1 este ano com 24 unidades escolares. No segundo semestre ser\u00e3o atendidas as seguintes escolas municipais: Prof. Aurelino Leal; Prof\u00aa Maria Cristina Diniz de Almeida; Floro da Silva; Eng. Chiozo Kitakawa; Ver. Antonio Rodrigues Gallego; Dr. Charles Henry Tyler Townsend; Prof\u00aa Ol\u00edvia Ap. da Silva Costa Guglielmo; Santino Hayashi Amano; Jo\u00e3o Geraldo dos Santos; Ver. Leolino dos Santos; Parque Piratininga e Pref. Gentil de Moraes Passos. Para a secret\u00e1ria de Educa\u00e7\u00e3o, Maria do Carmo Fernandes da Costa Filha, o Projeto Guard atende os objetivos da administra\u00e7\u00e3o municipal: orientar os alunos do Sistema Municipal de Ensino dos malef\u00edcios que as drogas causam. Segundo o secret\u00e1rio de Seguran\u00e7a Urbana, Igor Fabian Tanaka, a presen\u00e7a dos guardas em sala de aula como instrutores trar\u00e1 uma identidade positiva e verdadeira da Guarda Civil Municipal com a comunidade, escola e fam\u00edlia.<\/p>\n<p><em>Fonte: Prefeitura Itaquaquecetuba<\/em><\/p>\n\n<div style=\"font-size: 0px; height: 0px; line-height: 0px; margin: 0; padding: 0; clear: both;\"><\/div>","protected":false},"excerpt":{"rendered":"<p>As Secretarias de Educa\u00e7\u00e3o e Seguran\u00e7a na cidade de Itaquaquecetuba, atrav\u00e9s da Guarda Civil Municipal (GCM), firmaram parceria para desenvolver o Programa Sementinha do Grupo Unido de Apoio na A\u00e7\u00e3o de Resist\u00eancia \u00e0s Drogas, Guard. Esse trabalho \u00e9 coordenado pelos guardas: Anderson Cortez Ferreira, Ramiro Garcia, Rodrigo Perri da Silva, Jussara dos Santos Ramos e Nicodemos Pereira da Silva. No primeiro semestre deste ano ser\u00e3o contempladas pelo projeto as seguintes escolas municipais: Dr. Jos\u00e9 de Freitas Mendon\u00e7a; Vice-Prefeito Juraci Marchioni; Joaquim Perp\u00e9tuo; Professor Michel Alves de Souza; Isabel Alves do Prado; Jornalista Roberto Marinho; Dona Ant\u00f4nia Cicone; Orlando Bento da <\/p>\n","protected":false},"author":1,"featured_media":0,"comment_status":"open","ping_status":"open","sticky":false,"template":"","format":"standard","meta":[],"categories":[6],"tags":[],"yoast_head":"<!-- This site is optimized with the Yoast SEO plugin v19.6.1 - https:\/\/yoast.com\/wordpress\/plugins\/seo\/ -->\n<title>Programa Sementinha contempla 24 escolas municipais de Itaqu\u00e1 - Encontra Itaquaquecetuba<\/title>\n<meta name=\"robots\" content=\"index, follow, max-snippet:-1, max-image-preview:large, max-video-preview:-1\" \/>\n<link rel=\"canonical\" href=\"https:\/\/www.encontraitaquaquecetuba.com.br\/sobre\/programa-sementinha-contempla-24-escolas-municipais-de-itaqua\/\" \/>\n<meta property=\"og:locale\" content=\"pt_BR\" \/>\n<meta property=\"og:type\" content=\"article\" \/>\n<meta property=\"og:title\" content=\"Programa Sementinha contempla 24 escolas municipais de Itaqu\u00e1 - Encontra Itaquaquecetuba\" \/>\n<meta property=\"og:description\" content=\"As Secretarias de Educa\u00e7\u00e3o e Seguran\u00e7a na cidade de Itaquaquecetuba, atrav\u00e9s da Guarda Civil Municipal (GCM), firmaram parceria para desenvolver o Programa Sementinha do Grupo Unido de Apoio na A\u00e7\u00e3o de Resist\u00eancia \u00e0s Drogas, Guard. Esse trabalho \u00e9 coordenado pelos guardas: Anderson Cortez Ferreira, Ramiro Garcia, Rodrigo Perri da Silva, Jussara dos Santos Ramos e Nicodemos Pereira da Silva. No primeiro semestre deste ano ser\u00e3o contempladas pelo projeto as seguintes escolas municipais: Dr. Jos\u00e9 de Freitas Mendon\u00e7a; Vice-Prefeito Juraci Marchioni; Joaquim Perp\u00e9tuo; Professor Michel Alves de Souza; Isabel Alves do Prado; Jornalista Roberto Marinho; Dona Ant\u00f4nia Cicone; Orlando Bento da\" \/>\n<meta property=\"og:url\" content=\"https:\/\/www.encontraitaquaquecetuba.com.br\/sobre\/programa-sementinha-contempla-24-escolas-municipais-de-itaqua\/\" \/>\n<meta property=\"og:site_name\" content=\"Encontra Itaquaquecetuba\" \/>\n<meta property=\"article:published_time\" content=\"2013-03-08T17:24:57+00:00\" \/>\n<meta property=\"article:modified_time\" content=\"2013-08-14T04:50:58+00:00\" \/>\n<meta name=\"author\" content=\"Encontra Itaquaquecetuba\" \/>\n<meta name=\"twitter:card\" content=\"summary_large_image\" \/>\n<meta name=\"twitter:label1\" content=\"Escrito por\" \/>\n\t<meta name=\"twitter:data1\" content=\"Encontra Itaquaquecetuba\" \/>\n\t<meta name=\"twitter:label2\" content=\"Est. tempo de leitura\" \/>\n\t<meta name=\"twitter:data2\" content=\"2 minutos\" \/>\n<script type=\"application\/ld+json\" class=\"yoast-schema-graph\">{\"@context\":\"https:\/\/schema.org\",\"@graph\":[{\"@type\":\"WebPage\",\"@id\":\"https:\/\/www.encontraitaquaquecetuba.com.br\/sobre\/programa-sementinha-contempla-24-escolas-municipais-de-itaqua\/\",\"url\":\"https:\/\/www.encontraitaquaquecetuba.com.br\/sobre\/programa-sementinha-contempla-24-escolas-municipais-de-itaqua\/\",\"name\":\"Programa Sementinha contempla 24 escolas municipais de Itaqu\u00e1 - Encontra Itaquaquecetuba\",\"isPartOf\":{\"@id\":\"https:\/\/www.encontraitaquaquecetuba.com.br\/sobre\/#website\"},\"datePublished\":\"2013-03-08T17:24:57+00:00\",\"dateModified\":\"2013-08-14T04:50:58+00:00\",\"author\":{\"@id\":\"https:\/\/www.encontraitaquaquecetuba.com.br\/sobre\/#\/schema\/person\/a8a866dc746e447abf8ca22b02eae6ea\"},\"breadcrumb\":{\"@id\":\"https:\/\/www.encontraitaquaquecetuba.com.br\/sobre\/programa-sementinha-contempla-24-escolas-municipais-de-itaqua\/#breadcrumb\"},\"inLanguage\":\"pt-BR\",\"potentialAction\":[{\"@type\":\"ReadAction\",\"target\":[\"https:\/\/www.encontraitaquaquecetuba.com.br\/sobre\/programa-sementinha-contempla-24-escolas-municipais-de-itaqua\/\"]}]},{\"@type\":\"BreadcrumbList\",\"@id\":\"https:\/\/www.encontraitaquaquecetuba.com.br\/sobre\/programa-sementinha-contempla-24-escolas-municipais-de-itaqua\/#breadcrumb\",\"itemListElement\":[{\"@type\":\"ListItem\",\"position\":1,\"name\":\"In\u00edcio\",\"item\":\"https:\/\/www.encontraitaquaquecetuba.com.br\/sobre\/\"},{\"@type\":\"ListItem\",\"position\":2,\"name\":\"Programa Sementinha contempla 24 escolas municipais de Itaqu\u00e1\"}]},{\"@type\":\"WebSite\",\"@id\":\"https:\/\/www.encontraitaquaquecetuba.com.br\/sobre\/#website\",\"url\":\"https:\/\/www.encontraitaquaquecetuba.com.br\/sobre\/\",\"name\":\"Encontra Itaquaquecetuba\",\"description\":\"Not\u00edcias, eventos, informa\u00e7\u00f5es e dicas na cidade de Itaquaquecetuba e regi\u00e3o\",\"potentialAction\":[{\"@type\":\"SearchAction\",\"target\":{\"@type\":\"EntryPoint\",\"urlTemplate\":\"https:\/\/www.encontraitaquaquecetuba.com.br\/sobre\/?s={search_term_string}\"},\"query-input\":\"required name=search_term_string\"}],\"inLanguage\":\"pt-BR\"},{\"@type\":\"Person\",\"@id\":\"https:\/\/www.encontraitaquaquecetuba.com.br\/sobre\/#\/schema\/person\/a8a866dc746e447abf8ca22b02eae6ea\",\"name\":\"Encontra Itaquaquecetuba\",\"image\":{\"@type\":\"ImageObject\",\"inLanguage\":\"pt-BR\",\"@id\":\"https:\/\/www.encontraitaquaquecetuba.com.br\/sobre\/#\/schema\/person\/image\/\",\"url\":\"https:\/\/secure.gravatar.com\/avatar\/f007732be0d27cbf8a336929fe922478?s=96&d=mm&r=g\",\"contentUrl\":\"https:\/\/secure.gravatar.com\/avatar\/f007732be0d27cbf8a336929fe922478?s=96&d=mm&r=g\",\"caption\":\"Encontra Itaquaquecetuba\"},\"sameAs\":[\"http:\/\/www.encontraitaquaquecetuba.com.br\"],\"url\":\"https:\/\/www.encontraitaquaquecetuba.com.br\/sobre\/author\/eitaquaquecetuba\/\"}]}<\/script>\n<!-- \/ Yoast SEO plugin. -->","yoast_head_json":{"title":"Programa Sementinha contempla 24 escolas municipais de Itaqu\u00e1 - Encontra Itaquaquecetuba","robots":{"index":"index","follow":"follow","max-snippet":"max-snippet:-1","max-image-preview":"max-image-preview:large","max-video-preview":"max-video-preview:-1"},"canonical":"https:\/\/www.encontraitaquaquecetuba.com.br\/sobre\/programa-sementinha-contempla-24-escolas-municipais-de-itaqua\/","og_locale":"pt_BR","og_type":"article","og_title":"Programa Sementinha contempla 24 escolas municipais de Itaqu\u00e1 - Encontra Itaquaquecetuba","og_description":"As Secretarias de Educa\u00e7\u00e3o e Seguran\u00e7a na cidade de Itaquaquecetuba, atrav\u00e9s da Guarda Civil Municipal (GCM), firmaram parceria para desenvolver o Programa Sementinha do Grupo Unido de Apoio na A\u00e7\u00e3o de Resist\u00eancia \u00e0s Drogas, Guard. Esse trabalho \u00e9 coordenado pelos guardas: Anderson Cortez Ferreira, Ramiro Garcia, Rodrigo Perri da Silva, Jussara dos Santos Ramos e Nicodemos Pereira da Silva. No primeiro semestre deste ano ser\u00e3o contempladas pelo projeto as seguintes escolas municipais: Dr. Jos\u00e9 de Freitas Mendon\u00e7a; Vice-Prefeito Juraci Marchioni; Joaquim Perp\u00e9tuo; Professor Michel Alves de Souza; Isabel Alves do Prado; Jornalista Roberto Marinho; Dona Ant\u00f4nia Cicone; Orlando Bento da","og_url":"https:\/\/www.encontraitaquaquecetuba.com.br\/sobre\/programa-sementinha-contempla-24-escolas-municipais-de-itaqua\/","og_site_name":"Encontra Itaquaquecetuba","article_published_time":"2013-03-08T17:24:57+00:00","article_modified_time":"2013-08-14T04:50:58+00:00","author":"Encontra Itaquaquecetuba","twitter_card":"summary_large_image","twitter_misc":{"Escrito por":"Encontra Itaquaquecetuba","Est. tempo de leitura":"2 minutos"},"schema":{"@context":"https:\/\/schema.org","@graph":[{"@type":"WebPage","@id":"https:\/\/www.encontraitaquaquecetuba.com.br\/sobre\/programa-sementinha-contempla-24-escolas-municipais-de-itaqua\/","url":"https:\/\/www.encontraitaquaquecetuba.com.br\/sobre\/programa-sementinha-contempla-24-escolas-municipais-de-itaqua\/","name":"Programa Sementinha contempla 24 escolas municipais de Itaqu\u00e1 - Encontra Itaquaquecetuba","isPartOf":{"@id":"https:\/\/www.encontraitaquaquecetuba.com.br\/sobre\/#website"},"datePublished":"2013-03-08T17:24:57+00:00","dateModified":"2013-08-14T04:50:58+00:00","author":{"@id":"https:\/\/www.encontraitaquaquecetuba.com.br\/sobre\/#\/schema\/person\/a8a866dc746e447abf8ca22b02eae6ea"},"breadcrumb":{"@id":"https:\/\/www.encontraitaquaquecetuba.com.br\/sobre\/programa-sementinha-contempla-24-escolas-municipais-de-itaqua\/#breadcrumb"},"inLanguage":"pt-BR","potentialAction":[{"@type":"ReadAction","target":["https:\/\/www.encontraitaquaquecetuba.com.br\/sobre\/programa-sementinha-contempla-24-escolas-municipais-de-itaqua\/"]}]},{"@type":"BreadcrumbList","@id":"https:\/\/www.encontraitaquaquecetuba.com.br\/sobre\/programa-sementinha-contempla-24-escolas-municipais-de-itaqua\/#breadcrumb","itemListElement":[{"@type":"ListItem","position":1,"name":"In\u00edcio","item":"https:\/\/www.encontraitaquaquecetuba.com.br\/sobre\/"},{"@type":"ListItem","position":2,"name":"Programa Sementinha contempla 24 escolas municipais de Itaqu\u00e1"}]},{"@type":"WebSite","@id":"https:\/\/www.encontraitaquaquecetuba.com.br\/sobre\/#website","url":"https:\/\/www.encontraitaquaquecetuba.com.br\/sobre\/","name":"Encontra Itaquaquecetuba","description":"Not\u00edcias, eventos, informa\u00e7\u00f5es e dicas na cidade de Itaquaquecetuba e regi\u00e3o","potentialAction":[{"@type":"SearchAction","target":{"@type":"EntryPoint","urlTemplate":"https:\/\/www.encontraitaquaquecetuba.com.br\/sobre\/?s={search_term_string}"},"query-input":"required name=search_term_string"}],"inLanguage":"pt-BR"},{"@type":"Person","@id":"https:\/\/www.encontraitaquaquecetuba.com.br\/sobre\/#\/schema\/person\/a8a866dc746e447abf8ca22b02eae6ea","name":"Encontra Itaquaquecetuba","image":{"@type":"ImageObject","inLanguage":"pt-BR","@id":"https:\/\/www.encontraitaquaquecetuba.com.br\/sobre\/#\/schema\/person\/image\/","url":"https:\/\/secure.gravatar.com\/avatar\/f007732be0d27cbf8a336929fe922478?s=96&d=mm&r=g","contentUrl":"https:\/\/secure.gravatar.com\/avatar\/f007732be0d27cbf8a336929fe922478?s=96&d=mm&r=g","caption":"Encontra Itaquaquecetuba"},"sameAs":["http:\/\/www.encontraitaquaquecetuba.com.br"],"url":"https:\/\/www.encontraitaquaquecetuba.com.br\/sobre\/author\/eitaquaquecetuba\/"}]}},"_links":{"self":[{"href":"https:\/\/www.encontraitaquaquecetuba.com.br\/sobre\/wp-json\/wp\/v2\/posts\/981"}],"collection":[{"href":"https:\/\/www.encontraitaquaquecetuba.com.br\/sobre\/wp-json\/wp\/v2\/posts"}],"about":[{"href":"https:\/\/www.encontraitaquaquecetuba.com.br\/sobre\/wp-json\/wp\/v2\/types\/post"}],"author":[{"embeddable":true,"href":"https:\/\/www.encontraitaquaquecetuba.com.br\/sobre\/wp-json\/wp\/v2\/users\/1"}],"replies":[{"embeddable":true,"href":"https:\/\/www.encontraitaquaquecetuba.com.br\/sobre\/wp-json\/wp\/v2\/comments?post=981"}],"version-history":[{"count":0,"href":"https:\/\/www.encontraitaquaquecetuba.com.br\/sobre\/wp-json\/wp\/v2\/posts\/981\/revisions"}],"wp:attachment":[{"href":"https:\/\/www.encontraitaquaquecetuba.com.br\/sobre\/wp-json\/wp\/v2\/media?parent=981"}],"wp:term":[{"taxonomy":"category","embeddable":true,"href":"https:\/\/www.encontraitaquaquecetuba.com.br\/sobre\/wp-json\/wp\/v2\/categories?post=981"},{"taxonomy":"post_tag","embeddable":true,"href":"https:\/\/www.encontraitaquaquecetuba.com.br\/sobre\/wp-json\/wp\/v2\/tags?post=981"}],"curies":[{"name":"wp","href":"https:\/\/api.w.org\/{rel}","templated":true}]}}