{"id":989,"date":"2013-03-15T12:43:12","date_gmt":"2013-03-15T12:43:12","guid":{"rendered":"http:\/\/www.encontraitaquaquecetuba.com.br\/noticias\/?p=989"},"modified":"2013-08-14T04:51:06","modified_gmt":"2013-08-14T04:51:06","slug":"semana-santa-sera-celebrada-com-apresentacoes-culturais-em-itaquaquecetuba","status":"publish","type":"post","link":"https:\/\/www.encontraitaquaquecetuba.com.br\/sobre\/semana-santa-sera-celebrada-com-apresentacoes-culturais-em-itaquaquecetuba\/","title":{"rendered":"Semana Santa ser\u00e1 celebrada com apresenta\u00e7\u00f5es culturais em Itaquaquecetuba"},"content":{"rendered":"<div class=\"80eb2665678f8e3864bb9a528523815b\" data-index=\"1\" style=\"float: none; margin:5px 0 5px 0; text-align:center;\">\n<!-- PUB 73 - Responsivo Horizontal -->\r\n<ins class=\"adsbygoogle\"\r\n     style=\"display:block\"\r\n     data-ad-client=\"ca-pub-7321736592693252\"\r\n     data-ad-slot=\"3087950420\"\r\n     data-ad-format=\"auto\"\r\n     data-full-width-responsive=\"true\"><\/ins>\r\n<script>\r\n     (adsbygoogle = window.adsbygoogle || []).push({});\r\n<\/script>\n<\/div>\n<p>Nos dias 29 e 30 de mar\u00e7o, como parte das festividades do munic\u00edpio, a Secretaria de Cultura e Turismo na Cidade de Itaquaquecetuba celebrar\u00e1 a Semana Santa com v\u00e1rias apresenta\u00e7\u00f5es culturais, intitulada \u201cVivo Est\u00e1 \u2013 em celebra\u00e7\u00e3o ao Deus Vivo\u201d.<\/p>\n<p>O evento come\u00e7a \u00e0s 18 horas na pra\u00e7a central Jo\u00e3o \u00c1lvares e ser\u00e1 aberta \u00e0 popula\u00e7\u00e3o de Itaquaquecetuba e regi\u00e3o que ir\u00e1 prestigiar apresenta\u00e7\u00f5es como: a Pe\u00e7a teatral, coral de \u00d3pera ao ar livre, al\u00e9m de apresenta\u00e7\u00f5es do grupo de bal\u00e9, capoeira, canto, dan\u00e7a r\u00edtmica e dan\u00e7a contempor\u00e2nea. O efeito sonoro da pe\u00e7a de teatro ser\u00e1 produzido pela Banda Marcial.<\/p>\n<p>No local haver\u00e1 tel\u00f5es com proje\u00e7\u00f5es das apresenta\u00e7\u00f5es para que todo o p\u00fablico possa prestigiar o espet\u00e1culo.<\/p>\n<p>Segundo o secret\u00e1rio de Cultura e Turismo, Marcus Vinicius de Menezes Lima, as apresenta\u00e7\u00f5es em celebra\u00e7\u00e3o a P\u00e1scoa s\u00e3o um grande projeto de integra\u00e7\u00e3o dos cursos desenvolvidos pela secretaria, que conta com 212 pessoas ao todo para apresenta\u00e7\u00f5es culturais.\u00a0 \u201cEstamos preparando uma programa\u00e7\u00e3o especial com v\u00e1rias atra\u00e7\u00f5es culturais voltadas para toda a fam\u00edlia, vale a pena conferir\u201d completou Marcus.<\/p>\n<p>Para as realiza\u00e7\u00f5es das apresenta\u00e7\u00f5es culturais a Secretaria de Cultura e Turismo conta com o apoio da <a title=\"prefeitura de Itaquaquecetuba\" href=\"http:\/\/www.encontraitaquaquecetuba.com.br\/itaquaquecetuba\/prefeitura-itaquaquecetuba.shtml\" target=\"_blank\">prefeitura de Itaquaquecetuba<\/a>, Guarda Civil Municipal e Pol\u00edcia Militar.<\/p>\n<p><em>Fonte: Prefeitura de Itaquaquecetuba<\/em><\/p>\n\n<div style=\"font-size: 0px; height: 0px; line-height: 0px; margin: 0; padding: 0; clear: both;\"><\/div>","protected":false},"excerpt":{"rendered":"<p>Nos dias 29 e 30 de mar\u00e7o, como parte das festividades do munic\u00edpio, a Secretaria de Cultura e Turismo na Cidade de Itaquaquecetuba celebrar\u00e1 a Semana Santa com v\u00e1rias apresenta\u00e7\u00f5es culturais, intitulada \u201cVivo Est\u00e1 \u2013 em celebra\u00e7\u00e3o ao Deus Vivo\u201d. O evento come\u00e7a \u00e0s 18 horas na pra\u00e7a central Jo\u00e3o \u00c1lvares e ser\u00e1 aberta \u00e0 popula\u00e7\u00e3o de Itaquaquecetuba e regi\u00e3o que ir\u00e1 prestigiar apresenta\u00e7\u00f5es como: a Pe\u00e7a teatral, coral de \u00d3pera ao ar livre, al\u00e9m de apresenta\u00e7\u00f5es do grupo de bal\u00e9, capoeira, canto, dan\u00e7a r\u00edtmica e dan\u00e7a contempor\u00e2nea. O efeito sonoro da pe\u00e7a de teatro ser\u00e1 produzido pela Banda Marcial. <\/p>\n","protected":false},"author":1,"featured_media":0,"comment_status":"open","ping_status":"open","sticky":false,"template":"","format":"standard","meta":[],"categories":[6],"tags":[],"yoast_head":"<!-- This site is optimized with the Yoast SEO plugin v19.6.1 - https:\/\/yoast.com\/wordpress\/plugins\/seo\/ -->\n<title>Semana Santa ser\u00e1 celebrada com apresenta\u00e7\u00f5es culturais em Itaquaquecetuba - Encontra Itaquaquecetuba<\/title>\n<meta name=\"robots\" content=\"index, follow, max-snippet:-1, max-image-preview:large, max-video-preview:-1\" \/>\n<link rel=\"canonical\" href=\"https:\/\/www.encontraitaquaquecetuba.com.br\/sobre\/semana-santa-sera-celebrada-com-apresentacoes-culturais-em-itaquaquecetuba\/\" \/>\n<meta property=\"og:locale\" content=\"pt_BR\" \/>\n<meta property=\"og:type\" content=\"article\" \/>\n<meta property=\"og:title\" content=\"Semana Santa ser\u00e1 celebrada com apresenta\u00e7\u00f5es culturais em Itaquaquecetuba - Encontra Itaquaquecetuba\" \/>\n<meta property=\"og:description\" content=\"Nos dias 29 e 30 de mar\u00e7o, como parte das festividades do munic\u00edpio, a Secretaria de Cultura e Turismo na Cidade de Itaquaquecetuba celebrar\u00e1 a Semana Santa com v\u00e1rias apresenta\u00e7\u00f5es culturais, intitulada \u201cVivo Est\u00e1 \u2013 em celebra\u00e7\u00e3o ao Deus Vivo\u201d. O evento come\u00e7a \u00e0s 18 horas na pra\u00e7a central Jo\u00e3o \u00c1lvares e ser\u00e1 aberta \u00e0 popula\u00e7\u00e3o de Itaquaquecetuba e regi\u00e3o que ir\u00e1 prestigiar apresenta\u00e7\u00f5es como: a Pe\u00e7a teatral, coral de \u00d3pera ao ar livre, al\u00e9m de apresenta\u00e7\u00f5es do grupo de bal\u00e9, capoeira, canto, dan\u00e7a r\u00edtmica e dan\u00e7a contempor\u00e2nea. O efeito sonoro da pe\u00e7a de teatro ser\u00e1 produzido pela Banda Marcial.\" \/>\n<meta property=\"og:url\" content=\"https:\/\/www.encontraitaquaquecetuba.com.br\/sobre\/semana-santa-sera-celebrada-com-apresentacoes-culturais-em-itaquaquecetuba\/\" \/>\n<meta property=\"og:site_name\" content=\"Encontra Itaquaquecetuba\" \/>\n<meta property=\"article:published_time\" content=\"2013-03-15T12:43:12+00:00\" \/>\n<meta property=\"article:modified_time\" content=\"2013-08-14T04:51:06+00:00\" \/>\n<meta name=\"author\" content=\"Encontra Itaquaquecetuba\" \/>\n<meta name=\"twitter:card\" content=\"summary_large_image\" \/>\n<meta name=\"twitter:label1\" content=\"Escrito por\" \/>\n\t<meta name=\"twitter:data1\" content=\"Encontra Itaquaquecetuba\" \/>\n\t<meta name=\"twitter:label2\" content=\"Est. tempo de leitura\" \/>\n\t<meta name=\"twitter:data2\" content=\"1 minuto\" \/>\n<script type=\"application\/ld+json\" class=\"yoast-schema-graph\">{\"@context\":\"https:\/\/schema.org\",\"@graph\":[{\"@type\":\"WebPage\",\"@id\":\"https:\/\/www.encontraitaquaquecetuba.com.br\/sobre\/semana-santa-sera-celebrada-com-apresentacoes-culturais-em-itaquaquecetuba\/\",\"url\":\"https:\/\/www.encontraitaquaquecetuba.com.br\/sobre\/semana-santa-sera-celebrada-com-apresentacoes-culturais-em-itaquaquecetuba\/\",\"name\":\"Semana Santa ser\u00e1 celebrada com apresenta\u00e7\u00f5es culturais em Itaquaquecetuba - Encontra Itaquaquecetuba\",\"isPartOf\":{\"@id\":\"https:\/\/www.encontraitaquaquecetuba.com.br\/sobre\/#website\"},\"datePublished\":\"2013-03-15T12:43:12+00:00\",\"dateModified\":\"2013-08-14T04:51:06+00:00\",\"author\":{\"@id\":\"https:\/\/www.encontraitaquaquecetuba.com.br\/sobre\/#\/schema\/person\/a8a866dc746e447abf8ca22b02eae6ea\"},\"breadcrumb\":{\"@id\":\"https:\/\/www.encontraitaquaquecetuba.com.br\/sobre\/semana-santa-sera-celebrada-com-apresentacoes-culturais-em-itaquaquecetuba\/#breadcrumb\"},\"inLanguage\":\"pt-BR\",\"potentialAction\":[{\"@type\":\"ReadAction\",\"target\":[\"https:\/\/www.encontraitaquaquecetuba.com.br\/sobre\/semana-santa-sera-celebrada-com-apresentacoes-culturais-em-itaquaquecetuba\/\"]}]},{\"@type\":\"BreadcrumbList\",\"@id\":\"https:\/\/www.encontraitaquaquecetuba.com.br\/sobre\/semana-santa-sera-celebrada-com-apresentacoes-culturais-em-itaquaquecetuba\/#breadcrumb\",\"itemListElement\":[{\"@type\":\"ListItem\",\"position\":1,\"name\":\"In\u00edcio\",\"item\":\"https:\/\/www.encontraitaquaquecetuba.com.br\/sobre\/\"},{\"@type\":\"ListItem\",\"position\":2,\"name\":\"Semana Santa ser\u00e1 celebrada com apresenta\u00e7\u00f5es culturais em Itaquaquecetuba\"}]},{\"@type\":\"WebSite\",\"@id\":\"https:\/\/www.encontraitaquaquecetuba.com.br\/sobre\/#website\",\"url\":\"https:\/\/www.encontraitaquaquecetuba.com.br\/sobre\/\",\"name\":\"Encontra Itaquaquecetuba\",\"description\":\"Not\u00edcias, eventos, informa\u00e7\u00f5es e dicas na cidade de Itaquaquecetuba e regi\u00e3o\",\"potentialAction\":[{\"@type\":\"SearchAction\",\"target\":{\"@type\":\"EntryPoint\",\"urlTemplate\":\"https:\/\/www.encontraitaquaquecetuba.com.br\/sobre\/?s={search_term_string}\"},\"query-input\":\"required name=search_term_string\"}],\"inLanguage\":\"pt-BR\"},{\"@type\":\"Person\",\"@id\":\"https:\/\/www.encontraitaquaquecetuba.com.br\/sobre\/#\/schema\/person\/a8a866dc746e447abf8ca22b02eae6ea\",\"name\":\"Encontra Itaquaquecetuba\",\"image\":{\"@type\":\"ImageObject\",\"inLanguage\":\"pt-BR\",\"@id\":\"https:\/\/www.encontraitaquaquecetuba.com.br\/sobre\/#\/schema\/person\/image\/\",\"url\":\"https:\/\/secure.gravatar.com\/avatar\/f007732be0d27cbf8a336929fe922478?s=96&d=mm&r=g\",\"contentUrl\":\"https:\/\/secure.gravatar.com\/avatar\/f007732be0d27cbf8a336929fe922478?s=96&d=mm&r=g\",\"caption\":\"Encontra Itaquaquecetuba\"},\"sameAs\":[\"http:\/\/www.encontraitaquaquecetuba.com.br\"],\"url\":\"https:\/\/www.encontraitaquaquecetuba.com.br\/sobre\/author\/eitaquaquecetuba\/\"}]}<\/script>\n<!-- \/ Yoast SEO plugin. -->","yoast_head_json":{"title":"Semana Santa ser\u00e1 celebrada com apresenta\u00e7\u00f5es culturais em Itaquaquecetuba - Encontra Itaquaquecetuba","robots":{"index":"index","follow":"follow","max-snippet":"max-snippet:-1","max-image-preview":"max-image-preview:large","max-video-preview":"max-video-preview:-1"},"canonical":"https:\/\/www.encontraitaquaquecetuba.com.br\/sobre\/semana-santa-sera-celebrada-com-apresentacoes-culturais-em-itaquaquecetuba\/","og_locale":"pt_BR","og_type":"article","og_title":"Semana Santa ser\u00e1 celebrada com apresenta\u00e7\u00f5es culturais em Itaquaquecetuba - Encontra Itaquaquecetuba","og_description":"Nos dias 29 e 30 de mar\u00e7o, como parte das festividades do munic\u00edpio, a Secretaria de Cultura e Turismo na Cidade de Itaquaquecetuba celebrar\u00e1 a Semana Santa com v\u00e1rias apresenta\u00e7\u00f5es culturais, intitulada \u201cVivo Est\u00e1 \u2013 em celebra\u00e7\u00e3o ao Deus Vivo\u201d. O evento come\u00e7a \u00e0s 18 horas na pra\u00e7a central Jo\u00e3o \u00c1lvares e ser\u00e1 aberta \u00e0 popula\u00e7\u00e3o de Itaquaquecetuba e regi\u00e3o que ir\u00e1 prestigiar apresenta\u00e7\u00f5es como: a Pe\u00e7a teatral, coral de \u00d3pera ao ar livre, al\u00e9m de apresenta\u00e7\u00f5es do grupo de bal\u00e9, capoeira, canto, dan\u00e7a r\u00edtmica e dan\u00e7a contempor\u00e2nea. O efeito sonoro da pe\u00e7a de teatro ser\u00e1 produzido pela Banda Marcial.","og_url":"https:\/\/www.encontraitaquaquecetuba.com.br\/sobre\/semana-santa-sera-celebrada-com-apresentacoes-culturais-em-itaquaquecetuba\/","og_site_name":"Encontra Itaquaquecetuba","article_published_time":"2013-03-15T12:43:12+00:00","article_modified_time":"2013-08-14T04:51:06+00:00","author":"Encontra Itaquaquecetuba","twitter_card":"summary_large_image","twitter_misc":{"Escrito por":"Encontra Itaquaquecetuba","Est. tempo de leitura":"1 minuto"},"schema":{"@context":"https:\/\/schema.org","@graph":[{"@type":"WebPage","@id":"https:\/\/www.encontraitaquaquecetuba.com.br\/sobre\/semana-santa-sera-celebrada-com-apresentacoes-culturais-em-itaquaquecetuba\/","url":"https:\/\/www.encontraitaquaquecetuba.com.br\/sobre\/semana-santa-sera-celebrada-com-apresentacoes-culturais-em-itaquaquecetuba\/","name":"Semana Santa ser\u00e1 celebrada com apresenta\u00e7\u00f5es culturais em Itaquaquecetuba - Encontra Itaquaquecetuba","isPartOf":{"@id":"https:\/\/www.encontraitaquaquecetuba.com.br\/sobre\/#website"},"datePublished":"2013-03-15T12:43:12+00:00","dateModified":"2013-08-14T04:51:06+00:00","author":{"@id":"https:\/\/www.encontraitaquaquecetuba.com.br\/sobre\/#\/schema\/person\/a8a866dc746e447abf8ca22b02eae6ea"},"breadcrumb":{"@id":"https:\/\/www.encontraitaquaquecetuba.com.br\/sobre\/semana-santa-sera-celebrada-com-apresentacoes-culturais-em-itaquaquecetuba\/#breadcrumb"},"inLanguage":"pt-BR","potentialAction":[{"@type":"ReadAction","target":["https:\/\/www.encontraitaquaquecetuba.com.br\/sobre\/semana-santa-sera-celebrada-com-apresentacoes-culturais-em-itaquaquecetuba\/"]}]},{"@type":"BreadcrumbList","@id":"https:\/\/www.encontraitaquaquecetuba.com.br\/sobre\/semana-santa-sera-celebrada-com-apresentacoes-culturais-em-itaquaquecetuba\/#breadcrumb","itemListElement":[{"@type":"ListItem","position":1,"name":"In\u00edcio","item":"https:\/\/www.encontraitaquaquecetuba.com.br\/sobre\/"},{"@type":"ListItem","position":2,"name":"Semana Santa ser\u00e1 celebrada com apresenta\u00e7\u00f5es culturais em Itaquaquecetuba"}]},{"@type":"WebSite","@id":"https:\/\/www.encontraitaquaquecetuba.com.br\/sobre\/#website","url":"https:\/\/www.encontraitaquaquecetuba.com.br\/sobre\/","name":"Encontra Itaquaquecetuba","description":"Not\u00edcias, eventos, informa\u00e7\u00f5es e dicas na cidade de Itaquaquecetuba e regi\u00e3o","potentialAction":[{"@type":"SearchAction","target":{"@type":"EntryPoint","urlTemplate":"https:\/\/www.encontraitaquaquecetuba.com.br\/sobre\/?s={search_term_string}"},"query-input":"required name=search_term_string"}],"inLanguage":"pt-BR"},{"@type":"Person","@id":"https:\/\/www.encontraitaquaquecetuba.com.br\/sobre\/#\/schema\/person\/a8a866dc746e447abf8ca22b02eae6ea","name":"Encontra Itaquaquecetuba","image":{"@type":"ImageObject","inLanguage":"pt-BR","@id":"https:\/\/www.encontraitaquaquecetuba.com.br\/sobre\/#\/schema\/person\/image\/","url":"https:\/\/secure.gravatar.com\/avatar\/f007732be0d27cbf8a336929fe922478?s=96&d=mm&r=g","contentUrl":"https:\/\/secure.gravatar.com\/avatar\/f007732be0d27cbf8a336929fe922478?s=96&d=mm&r=g","caption":"Encontra Itaquaquecetuba"},"sameAs":["http:\/\/www.encontraitaquaquecetuba.com.br"],"url":"https:\/\/www.encontraitaquaquecetuba.com.br\/sobre\/author\/eitaquaquecetuba\/"}]}},"_links":{"self":[{"href":"https:\/\/www.encontraitaquaquecetuba.com.br\/sobre\/wp-json\/wp\/v2\/posts\/989"}],"collection":[{"href":"https:\/\/www.encontraitaquaquecetuba.com.br\/sobre\/wp-json\/wp\/v2\/posts"}],"about":[{"href":"https:\/\/www.encontraitaquaquecetuba.com.br\/sobre\/wp-json\/wp\/v2\/types\/post"}],"author":[{"embeddable":true,"href":"https:\/\/www.encontraitaquaquecetuba.com.br\/sobre\/wp-json\/wp\/v2\/users\/1"}],"replies":[{"embeddable":true,"href":"https:\/\/www.encontraitaquaquecetuba.com.br\/sobre\/wp-json\/wp\/v2\/comments?post=989"}],"version-history":[{"count":0,"href":"https:\/\/www.encontraitaquaquecetuba.com.br\/sobre\/wp-json\/wp\/v2\/posts\/989\/revisions"}],"wp:attachment":[{"href":"https:\/\/www.encontraitaquaquecetuba.com.br\/sobre\/wp-json\/wp\/v2\/media?parent=989"}],"wp:term":[{"taxonomy":"category","embeddable":true,"href":"https:\/\/www.encontraitaquaquecetuba.com.br\/sobre\/wp-json\/wp\/v2\/categories?post=989"},{"taxonomy":"post_tag","embeddable":true,"href":"https:\/\/www.encontraitaquaquecetuba.com.br\/sobre\/wp-json\/wp\/v2\/tags?post=989"}],"curies":[{"name":"wp","href":"https:\/\/api.w.org\/{rel}","templated":true}]}}